{"id":1115,"date":"2007-09-01T00:00:00","date_gmt":"2007-08-31T22:00:00","guid":{"rendered":"http:\/\/www.cfardel.net\/blog\/?p=1115"},"modified":"2018-09-06T11:31:46","modified_gmt":"2018-09-06T09:31:46","slug":"a-propos","status":"publish","type":"post","link":"https:\/\/www.cfardel.net\/blog\/a-propos","title":{"rendered":"\u00e0 propos"},"content":{"rendered":"<div style=\"text-align: justify;\">\n<p><img loading=\"lazy\" decoding=\"async\" class=\"alignleft wp-image-1016 size-medium\" src=\"http:\/\/www.cfardel.net\/blog\/wp-content\/uploads\/2009\/01\/Zora-et-cedric-e1444564549118-225x300.jpeg\" alt=\"C\u00e9dric et Zora\" width=\"225\" height=\"300\" srcset=\"https:\/\/www.cfardel.net\/blog\/wp-content\/uploads\/2009\/01\/Zora-et-cedric-e1444564549118-225x300.jpeg 225w, https:\/\/www.cfardel.net\/blog\/wp-content\/uploads\/2009\/01\/Zora-et-cedric-e1444564549118-768x1024.jpeg 768w\" sizes=\"auto, (max-width: 225px) 100vw, 225px\" \/>Je m&rsquo;appelle C\u00e9dric, , je suis n\u00e9 en 1988. Atteint d\u2019une vitr\u00e9o-r\u00e9tinopathie, j\u2019ai vu tr\u00e8s peu jusqu\u2019\u00e0 environ 4 ans et, depuis cet \u00e2ge, il ne me reste plus<br \/>\nqu\u2019une tr\u00e8s faible perception de la lumi\u00e8re.<\/p>\n<p>Pour moi, \u00eatre aveugle est donc quelque chose de normal, d\u2019habituel, et, pour \u00eatre franc, je ne me pose pas de questions. \u00c7a ne me g\u00eane pas qu\u2019on me parle du handicap, mais je n\u2019y pense pas plus que la plupart des gens ne r\u00e9fl\u00e9chisse sur le fait d\u2019y voir clair..<\/p>\n<p>S\u2019agissant de savoir comment on \u00ab voit \u00bb quand on est aveugle, si l\u2019on est dans le noir, j\u2019ai un peu de mal \u00e0 expliquer la chose car je n\u2019ai pas de point de comparaison. En tous cas, je ne vois pas le noir. Je parlerais plut\u00f4t d\u2019une impression de clart\u00e9 ou d\u2019obscurit\u00e9. Je pr\u00e9cise que je ne vis pas la c\u00e9cit\u00e9 comme un drame, que je n\u2019\u00e9changerais pas mon handicap contre un autre et que je consid\u00e8re donc qu\u2019il y a toujours pire situation que la sienne.<\/p>\n<p>J\u2019ai le bonheur d&rsquo;avoir un <a href=\"http:\/\/www.chienguide.ch\">chien-guide <\/a>qui facilite grandement mes d\u00e9placements. Concernant le site Internet, j\u2019ai eu l\u2019id\u00e9e de le lancer en 2002 , notamment pour montrer que la c\u00e9cit\u00e9 n&rsquo;est pas un handicap aussi limitant qu&rsquo;on pourrait le croire parfois.<\/p>\n<\/div>\n","protected":false},"excerpt":{"rendered":"<p>Je m&rsquo;appelle C\u00e9dric, , je suis n\u00e9 en 1988. Atteint d\u2019une vitr\u00e9o-r\u00e9tinopathie, j\u2019ai vu tr\u00e8s peu jusqu\u2019\u00e0 environ 4 ans et, depuis cet \u00e2ge, il ne me reste plus qu\u2019une tr\u00e8s faible perception de la lumi\u00e8re. Pour moi, \u00eatre aveugle est donc quelque chose de normal, d\u2019habituel, et, pour \u00eatre franc, je ne me pose [&hellip;]<\/p>\n","protected":false},"author":1,"featured_media":0,"comment_status":"open","ping_status":"open","sticky":false,"template":"","format":"standard","meta":{"footnotes":""},"categories":[18],"tags":[],"class_list":["post-1115","post","type-post","status-publish","format-standard","hentry","category-ma-vie"],"_links":{"self":[{"href":"https:\/\/www.cfardel.net\/blog\/wp-json\/wp\/v2\/posts\/1115","targetHints":{"allow":["GET"]}}],"collection":[{"href":"https:\/\/www.cfardel.net\/blog\/wp-json\/wp\/v2\/posts"}],"about":[{"href":"https:\/\/www.cfardel.net\/blog\/wp-json\/wp\/v2\/types\/post"}],"author":[{"embeddable":true,"href":"https:\/\/www.cfardel.net\/blog\/wp-json\/wp\/v2\/users\/1"}],"replies":[{"embeddable":true,"href":"https:\/\/www.cfardel.net\/blog\/wp-json\/wp\/v2\/comments?post=1115"}],"version-history":[{"count":4,"href":"https:\/\/www.cfardel.net\/blog\/wp-json\/wp\/v2\/posts\/1115\/revisions"}],"predecessor-version":[{"id":1340,"href":"https:\/\/www.cfardel.net\/blog\/wp-json\/wp\/v2\/posts\/1115\/revisions\/1340"}],"wp:attachment":[{"href":"https:\/\/www.cfardel.net\/blog\/wp-json\/wp\/v2\/media?parent=1115"}],"wp:term":[{"taxonomy":"category","embeddable":true,"href":"https:\/\/www.cfardel.net\/blog\/wp-json\/wp\/v2\/categories?post=1115"},{"taxonomy":"post_tag","embeddable":true,"href":"https:\/\/www.cfardel.net\/blog\/wp-json\/wp\/v2\/tags?post=1115"}],"curies":[{"name":"wp","href":"https:\/\/api.w.org\/{rel}","templated":true}]}}