{"id":1312,"date":"2007-12-09T10:57:00","date_gmt":"2007-12-09T09:57:00","guid":{"rendered":"http:\/\/www.cfardel.net\/blog\/?p=1312"},"modified":"2018-06-04T11:06:23","modified_gmt":"2018-06-04T09:06:23","slug":"aveugle-et-pourtant-lecteur-attentif-de-www-vd-ch","status":"publish","type":"post","link":"https:\/\/www.cfardel.net\/blog\/aveugle-et-pourtant-lecteur-attentif-de-www-vd-ch","title":{"rendered":"Aveugle et pourtant lecteur attentif de www.vd.ch"},"content":{"rendered":"<p>C\u00e9dric Fardel (accompagn\u00e9 de son chien-guide Neptune) v\u00e9rifie que le contenu du site cantonal est accessible avec les moyens auxiliaires utilis\u00e9s par les handicap\u00e9s de la  vue.<\/p>\n<p>Depuis trois mois, deux fois par semaine, C\u00e9dric Fardel vient en train \u00e0 Lausanne depuis Yverdon, puis prend le bus jusqu\u2019\u00e0 la rue Caroline pour rejoindre son poste de travail au sein des locaux de la Direction des syst\u00e8mes d&rsquo;information (DSI). Un trajet tout sauf banal pour ce jeune homme de 19 ans, handi- cap\u00e9 de la vue et second\u00e9 par son chien-guide Neptune.<\/p>\n<p>Passionn\u00e9 d&rsquo;informatique depuis l\u2019 \u00e2ge de 14 ans, C\u00e9dric Fardel a int\u00e9gr\u00e9 l\u2019\u00e9quipe des cinq \u00e0 six stagiaires travaillant sur le projet Accessibilit\u00e9 dirig\u00e9 par Marc Johannot (voir La Gazette  174 du 13 mars 2006). Son r\u00f4le? V\u00e9rifier, \u00e0 l\u2019aide d\u2019un lecteur d\u2019\u00e9cran coupl\u00e9 \u00e0 un clavier braille, que les pages du site de l\u2019\u00c9tat de Vaud sont parfaitement accessibles et compr\u00e9hensibles par tous les malvoyants \u00e9quip\u00e9s du m\u00eame syst\u00e8me de d\u00e9codage. \u00abJ\u2019ai un grand plaisir \u00e0 travailler ici, d\u2019une part je me sens compl\u00e8tement concern\u00e9 par les objectifs poursuivis et d\u2019autre part, j\u2019appr\u00e9cie de pouvoir induire des am\u00e9liorations gr\u00e2ce \u00e0 mon exp\u00e9rience\u00bb. C\u00e9dric Fardel esp\u00e8re aujourd&rsquo;hui, apr\u00e8s la fin de son stage, poursuivre une formation professionnelle en entreprise, en informatique \u00e9videmment.<\/p>\n<p>Source : <\/p>\n<p><a href=\"https:\/\/www.vd.ch\/fileadmin\/_migrated\/content_uploads\/Gazette-191-W-17-12-2007.pdf\">Gazette de l\u2019Etat de Vaud 9 d\u00e9cembre 2007<\/a><\/p>\n","protected":false},"excerpt":{"rendered":"<p>C\u00e9dric Fardel (accompagn\u00e9 de son chien-guide Neptune) v\u00e9rifie que le contenu du site cantonal est accessible avec les moyens auxiliaires utilis\u00e9s par les handicap\u00e9s de la vue. Depuis trois mois, deux fois par semaine, C\u00e9dric Fardel vient en train \u00e0 Lausanne depuis Yverdon, puis prend le bus jusqu\u2019\u00e0 la rue Caroline pour rejoindre son poste [&hellip;]<\/p>\n","protected":false},"author":1,"featured_media":0,"comment_status":"open","ping_status":"open","sticky":false,"template":"","format":"standard","meta":{"footnotes":""},"categories":[18],"tags":[],"class_list":["post-1312","post","type-post","status-publish","format-standard","hentry","category-ma-vie"],"_links":{"self":[{"href":"https:\/\/www.cfardel.net\/blog\/wp-json\/wp\/v2\/posts\/1312","targetHints":{"allow":["GET"]}}],"collection":[{"href":"https:\/\/www.cfardel.net\/blog\/wp-json\/wp\/v2\/posts"}],"about":[{"href":"https:\/\/www.cfardel.net\/blog\/wp-json\/wp\/v2\/types\/post"}],"author":[{"embeddable":true,"href":"https:\/\/www.cfardel.net\/blog\/wp-json\/wp\/v2\/users\/1"}],"replies":[{"embeddable":true,"href":"https:\/\/www.cfardel.net\/blog\/wp-json\/wp\/v2\/comments?post=1312"}],"version-history":[{"count":3,"href":"https:\/\/www.cfardel.net\/blog\/wp-json\/wp\/v2\/posts\/1312\/revisions"}],"predecessor-version":[{"id":1315,"href":"https:\/\/www.cfardel.net\/blog\/wp-json\/wp\/v2\/posts\/1312\/revisions\/1315"}],"wp:attachment":[{"href":"https:\/\/www.cfardel.net\/blog\/wp-json\/wp\/v2\/media?parent=1312"}],"wp:term":[{"taxonomy":"category","embeddable":true,"href":"https:\/\/www.cfardel.net\/blog\/wp-json\/wp\/v2\/categories?post=1312"},{"taxonomy":"post_tag","embeddable":true,"href":"https:\/\/www.cfardel.net\/blog\/wp-json\/wp\/v2\/tags?post=1312"}],"curies":[{"name":"wp","href":"https:\/\/api.w.org\/{rel}","templated":true}]}}