{"id":1318,"date":"2018-06-06T11:46:13","date_gmt":"2018-06-06T09:46:13","guid":{"rendered":"http:\/\/www.cfardel.net\/blog\/?p=1318"},"modified":"2018-06-06T11:46:13","modified_gmt":"2018-06-06T09:46:13","slug":"technologies-et-handicap-temoignage-dun-homme-augmente","status":"publish","type":"post","link":"https:\/\/www.cfardel.net\/blog\/technologies-et-handicap-temoignage-dun-homme-augmente","title":{"rendered":"Technologies et handicap: t\u00e9moignage d\u2019un \u00abhomme augment\u00e9\u00bb"},"content":{"rendered":"<p>Engag\u00e9 depuis 2011 \u00e0 l\u2019\u00c9tat de Vaud, C\u00e9dric Fardel, jeune informaticien, \u00e9tait invit\u00e9 \u00e0 t\u00e9moigner lors du congr\u00e8s annuel du Centre de formation de l\u2019Assurance invalidit\u00e9 (AI), qui s\u2019est tenu r\u00e9cemment \u00e0 Berne. Il a montr\u00e9 comment la technologie l&rsquo;aide dans son quotidien d&rsquo;aveugle.<br \/>\n<!--more--><\/p>\n<p>\u00abLa num\u00e9risation: b\u00e9n\u00e9diction ou mal\u00e9diction pour l\u2019AI?\u00bb C\u2019est la question un peu provocatrice qu\u2019a pos\u00e9e le Centre de formation AI lors de son dernier congr\u00e8s annuel, qui s\u2019est tenu le 3 mai dernier en terre bernoise et auquel \u00e9tait convi\u00e9 C\u00e9dric Fardel. Pour ce jeune Yverdonnois, informaticien \u00e0 la Direction des syst\u00e8mes d&rsquo;information (DSI) depuis sept ans et aveugle depuis sa plus tendre enfance, la r\u00e9ponse coule de source: les nouvelles technologies sont ses indispensables alli\u00e9es dans la qu\u00eate qu\u2019il m\u00e8ne chaque jour pour gagner davantage en autonomie. Un credo qu\u2019il a affirm\u00e9 et d\u00e9velopp\u00e9 avec beaucoup d\u2019aisance devant un parterre de plus de 200 congressistes r\u00e9unis pour l\u2019occasion au Centre Paul Klee de Berne.<br \/>\n\u00abLe smartphone a chang\u00e9 ma vie. Avec lui, je peux acc\u00e9der aux livres, me documenter ou me d\u00e9placer. En vingt ans, les technologies de l\u2019information n\u2019ont cess\u00e9 de se perfectionner, et le d\u00e9veloppement de nouvelles applications apporte un r\u00e9el espoir \u00e0 toutes les personnes qui souffrent de handicap\u00bb, a soulign\u00e9 en pr\u00e9ambule le jeune aveugle. Des outils qui lui permettent \u00e9galement aujourd\u2019hui d\u2019\u00eatre parfaitement int\u00e9gr\u00e9 dans le monde du travail.<\/p>\n<h2>Bienvenue dans l\u2019\u00e8re tactile!<\/h2>\n<p>Les m\u00e9decins, sp\u00e9cialistes et handicap\u00e9s r\u00e9unis \u00e0 Berne l\u2019ont affirm\u00e9 d\u2019une voix unanime: dans notre soci\u00e9t\u00e9 hyperconnect\u00e9e qui voit l\u2019av\u00e8nement de l\u2019\u00abhomme augment\u00e9\u00bb \u00e0 travers les avanc\u00e9es spectaculaires de la robotique, les possibilit\u00e9s sont infinies pour toutes celles et ceux qui ont perdu \u2013 g\u00e9n\u00e9tiquement ou accidentellement \u2013 des facult\u00e9s fondamentales, telles la mobilit\u00e9, l\u2019ou\u00efe ou la vue.<br \/>\nC\u00e9dric Fardel l\u2019a confirm\u00e9 dans sa pr\u00e9sentation: \u00abDiverses applications me permettent, par exemple, d\u2019identifier les objets de mon entourage par le biais de photographies qui me sont d\u00e9crites, de prendre connaissance de mes e-mails gr\u00e2ce \u00e0 un lecteur d\u2019\u00e9cran ou de savoir \u00e0 quel moment arrive mon bus. Le d\u00e9veloppement des supports tactiles est incontestablement un atout majeur\u00bb, a-t-il expliqu\u00e9 pendant qu\u2019il montrait \u00e0 l\u2019assistance avec quelle rapidit\u00e9 et quelle agilit\u00e9 il \u00e9tait capable de surfer sur internet pour y trouver toutes les informations n\u00e9cessaires \u00e0 sa vie quotidienne ainsi qu\u2019\u00e0 l\u2019exercice de sa profession. \u00abL\u2019avenir r\u00e9side dans les assistants virtuels (le logiciel Siri, par exemple) qui permettent le contr\u00f4le de notre environnement et ouvrent la voie \u00e0 la maison connect\u00e9e\u00bb, a encore argument\u00e9 l\u2019informaticien yverdonnois.<\/p>\n<h2>Un pr\u00e9cieux atout<\/h2>\n<p>\u00abPour son employeur, l\u2019\u00c9tat de Vaud, C\u00e9dric est un pr\u00e9cieux atout\u00bb, a relev\u00e9 Isabelle Trescazes, responsable des ressources humaines \u00e0 la DSI, qui a soulign\u00e9 le r\u00f4le important que joue ce collaborateur particulier au sein du service.<br \/>\nDepuis plusieurs ann\u00e9es en effet, cet informaticien hors normes apporte ses contributions \u00e0 de nombreux projets, notamment \u00e0 l\u2019\u00e9quipe charg\u00e9e de d\u00e9velopper la cyberadministration cantonale vaudoise. \u00abSi un lien hypertexte n\u2019est pas con\u00e7u correctement ou si une photo n\u2019est pas l\u00e9gend\u00e9e, tous ceux qui souffrent d\u2019un handicap de la vue perdent des informations importantes\u00bb, explique-t-il. C\u2019est pourquoi ce jeune aveugle passionn\u00e9, qui vient de f\u00eater son 30e anniversaire, est r\u00e9guli\u00e8rement consult\u00e9 pour v\u00e9rifier l\u2019accessibilit\u00e9 des prestations en ligne offertes par l\u2019\u00c9tat. Il donne \u00e9galement des cours aux collaborateurs de l\u2019administration cantonale charg\u00e9s de mettre \u00e0 jour les pages internet du tout nouveau site www.vd.ch .<br \/>\nPar son t\u00e9moignage, C\u00e9dric Fardel a donn\u00e9 une belle le\u00e7on de vie \u00e0 ses auditeurs et a su prouver \u2013 s\u2019il en \u00e9tait encore besoin! \u2013 que les technologies de notre soci\u00e9t\u00e9 moderne sont un formidable facteur d\u2019insertion.<\/p>\n<p><div style=\"width: 1920px;\" class=\"wp-video\"><video class=\"wp-video-shortcode\" id=\"video-1318-1\" width=\"1920\" height=\"1080\" preload=\"metadata\" controls=\"controls\"><source type=\"video\/mp4\" src=\"http:\/\/www.cfardel.net\/blog\/wp-content\/uploads\/2018\/05\/CFAI_ADAPTATION.mp4?_=1\" \/><a href=\"http:\/\/www.cfardel.net\/blog\/wp-content\/uploads\/2018\/05\/CFAI_ADAPTATION.mp4\">http:\/\/www.cfardel.net\/blog\/wp-content\/uploads\/2018\/05\/CFAI_ADAPTATION.mp4<\/a><\/video><\/div><br \/>\nSource : <a href=\"https:\/\/www.vd.ch\/lettre_information\/gazette\/286\/index.html\">Gazette de l&rsquo;Etat de Vaud 286<\/a><\/p>\n","protected":false},"excerpt":{"rendered":"<p>Engag\u00e9 depuis 2011 \u00e0 l\u2019\u00c9tat de Vaud, C\u00e9dric Fardel, jeune informaticien, \u00e9tait invit\u00e9 \u00e0 t\u00e9moigner lors du congr\u00e8s annuel du Centre de formation de l\u2019Assurance invalidit\u00e9 (AI), qui s\u2019est tenu r\u00e9cemment \u00e0 Berne. Il a montr\u00e9 comment la technologie l&rsquo;aide dans son quotidien d&rsquo;aveugle.<\/p>\n","protected":false},"author":1,"featured_media":0,"comment_status":"open","ping_status":"open","sticky":false,"template":"","format":"standard","meta":{"footnotes":""},"categories":[1],"tags":[],"class_list":["post-1318","post","type-post","status-publish","format-standard","hentry","category-non-classe"],"_links":{"self":[{"href":"https:\/\/www.cfardel.net\/blog\/wp-json\/wp\/v2\/posts\/1318","targetHints":{"allow":["GET"]}}],"collection":[{"href":"https:\/\/www.cfardel.net\/blog\/wp-json\/wp\/v2\/posts"}],"about":[{"href":"https:\/\/www.cfardel.net\/blog\/wp-json\/wp\/v2\/types\/post"}],"author":[{"embeddable":true,"href":"https:\/\/www.cfardel.net\/blog\/wp-json\/wp\/v2\/users\/1"}],"replies":[{"embeddable":true,"href":"https:\/\/www.cfardel.net\/blog\/wp-json\/wp\/v2\/comments?post=1318"}],"version-history":[{"count":1,"href":"https:\/\/www.cfardel.net\/blog\/wp-json\/wp\/v2\/posts\/1318\/revisions"}],"predecessor-version":[{"id":1319,"href":"https:\/\/www.cfardel.net\/blog\/wp-json\/wp\/v2\/posts\/1318\/revisions\/1319"}],"wp:attachment":[{"href":"https:\/\/www.cfardel.net\/blog\/wp-json\/wp\/v2\/media?parent=1318"}],"wp:term":[{"taxonomy":"category","embeddable":true,"href":"https:\/\/www.cfardel.net\/blog\/wp-json\/wp\/v2\/categories?post=1318"},{"taxonomy":"post_tag","embeddable":true,"href":"https:\/\/www.cfardel.net\/blog\/wp-json\/wp\/v2\/tags?post=1318"}],"curies":[{"name":"wp","href":"https:\/\/api.w.org\/{rel}","templated":true}]}}