{"id":1415,"date":"2021-01-18T12:56:49","date_gmt":"2021-01-18T11:56:49","guid":{"rendered":"http:\/\/www.cfardel.net\/blog\/?p=1415"},"modified":"2021-01-19T00:28:58","modified_gmt":"2021-01-18T23:28:58","slug":"accessibilite-des-prestations-fiscales-en-ligne-dans-le-canton-de-vaud","status":"publish","type":"post","link":"https:\/\/www.cfardel.net\/blog\/accessibilite-des-prestations-fiscales-en-ligne-dans-le-canton-de-vaud","title":{"rendered":"Accessibilit\u00e9 des prestations fiscales en ligne dans le canton de Vaud"},"content":{"rendered":"<p>Le 18 janvier 2021, <a href=\"https:\/\/www.vd.ch\/toutes-les-autorites\/departements\/departement-des-finances-et-des-relations-exterieures-dfire\/direction-generale-de-la-fiscalite-dgf\">la Direction g\u00e9n\u00e9rale de la fiscalit\u00e9 du canton de Vaud<\/a> a tenu <a href=\"https:\/\/www.vd.ch\/toutes-les-actualites\/communiques-de-presse\/detail\/communique\/une-fiscalite-inclusive-en-mode-covid-1610954079\/\">Un point presse<\/a> J&#8217;ai effectu\u00e9 une d\u00e9monstration de comment modifier ses accomptes en ligne \u00e0 l&#8217;aide d&#8217;un lecteur d&#8217;\u00e9cran et d&#8217;un afficheur braille.<br \/>\nDans <a href=\"https:\/\/latele.ch\/emissions\/radar-vaudois\/radar-vaudois-s-2021-e-11\">le Journal du 18 janvier 2021 &#8211; Radar vaudois &#8211; de La T\u00e9l\u00e9<\/a>? \u00e0 partir de 7 minutes et 50 secondes j&#8217;explique quelques points pour rendre une prestation accessible aux aveugles.<\/p>\n","protected":false},"excerpt":{"rendered":"<p>Le 18 janvier 2021, la Direction g\u00e9n\u00e9rale de la fiscalit\u00e9 du canton de Vaud a tenu Un point presse J&#8217;ai effectu\u00e9 une d\u00e9monstration de comment modifier ses accomptes en ligne \u00e0 l&#8217;aide d&#8217;un lecteur d&#8217;\u00e9cran et d&#8217;un afficheur braille. Dans le Journal du 18 janvier 2021 &#8211; Radar vaudois &#8211; de La T\u00e9l\u00e9? \u00e0 partir [&hellip;]<\/p>\n","protected":false},"author":1,"featured_media":0,"comment_status":"open","ping_status":"open","sticky":false,"template":"","format":"standard","meta":{"footnotes":""},"categories":[3,6,10,18],"tags":[],"class_list":["post-1415","post","type-post","status-publish","format-standard","hentry","category-accessibilite","category-cecite-et-malvoyance","category-internet","category-ma-vie"],"_links":{"self":[{"href":"https:\/\/www.cfardel.net\/blog\/wp-json\/wp\/v2\/posts\/1415","targetHints":{"allow":["GET"]}}],"collection":[{"href":"https:\/\/www.cfardel.net\/blog\/wp-json\/wp\/v2\/posts"}],"about":[{"href":"https:\/\/www.cfardel.net\/blog\/wp-json\/wp\/v2\/types\/post"}],"author":[{"embeddable":true,"href":"https:\/\/www.cfardel.net\/blog\/wp-json\/wp\/v2\/users\/1"}],"replies":[{"embeddable":true,"href":"https:\/\/www.cfardel.net\/blog\/wp-json\/wp\/v2\/comments?post=1415"}],"version-history":[{"count":1,"href":"https:\/\/www.cfardel.net\/blog\/wp-json\/wp\/v2\/posts\/1415\/revisions"}],"predecessor-version":[{"id":1416,"href":"https:\/\/www.cfardel.net\/blog\/wp-json\/wp\/v2\/posts\/1415\/revisions\/1416"}],"wp:attachment":[{"href":"https:\/\/www.cfardel.net\/blog\/wp-json\/wp\/v2\/media?parent=1415"}],"wp:term":[{"taxonomy":"category","embeddable":true,"href":"https:\/\/www.cfardel.net\/blog\/wp-json\/wp\/v2\/categories?post=1415"},{"taxonomy":"post_tag","embeddable":true,"href":"https:\/\/www.cfardel.net\/blog\/wp-json\/wp\/v2\/tags?post=1415"}],"curies":[{"name":"wp","href":"https:\/\/api.w.org\/{rel}","templated":true}]}}