{"id":1454,"date":"2022-01-17T12:19:50","date_gmt":"2022-01-17T11:19:50","guid":{"rendered":"http:\/\/www.cfardel.net\/blog\/?p=1454"},"modified":"2022-01-17T12:25:27","modified_gmt":"2022-01-17T11:25:27","slug":"consulter-son-dossier-fiscal-est-possible-pour-une-personne-aveugle-ou-malvoyante-dans-le-canton-de-vaud","status":"publish","type":"post","link":"https:\/\/www.cfardel.net\/blog\/consulter-son-dossier-fiscal-est-possible-pour-une-personne-aveugle-ou-malvoyante-dans-le-canton-de-vaud","title":{"rendered":"Consulter son dossier fiscal est possible pour une personne aveugle ou malvoyante dans le canton de Vaud"},"content":{"rendered":"<p>Le Compte fiscal permet en toute autonomie pour une personne aveugle ou malvoyante habitant le canton de Vaud de suivre sa situation. Exemple :<\/p>\n<ul>\n<li>d\u00e9tails des paiements et acomptes<\/li>\n<li>informations \u00e0 retourner ou encore \u00e9tat de la taxation)<\/li>\n<li>consulter l\u2019historique de ses \u00e9v\u00e9nements fiscaux.<\/li>\n<\/ul>\n<p>Pour plus d&#8217;information :<br \/>\n <a href=\"https:\/\/www.vd.ch\/toutes-les-actualites\/communiques-de-presse\/detail\/communique\/de-nouveaux-outils-pour-accompagner-les-contribuables-1642405999\/\">De nouveaux outils pour accompagner les contribuables<\/a><\/p>\n","protected":false},"excerpt":{"rendered":"<p>Le Compte fiscal permet en toute autonomie pour une personne aveugle ou malvoyante habitant le canton de Vaud de suivre sa situation. Exemple : d\u00e9tails des paiements et acomptes informations \u00e0 retourner ou encore \u00e9tat de la taxation) consulter l\u2019historique de ses \u00e9v\u00e9nements fiscaux. Pour plus d&#8217;information : De nouveaux outils pour accompagner les contribuables<\/p>\n","protected":false},"author":1,"featured_media":0,"comment_status":"open","ping_status":"open","sticky":false,"template":"","format":"standard","meta":{"footnotes":""},"categories":[3,10],"tags":[],"class_list":["post-1454","post","type-post","status-publish","format-standard","hentry","category-accessibilite","category-internet"],"_links":{"self":[{"href":"https:\/\/www.cfardel.net\/blog\/wp-json\/wp\/v2\/posts\/1454","targetHints":{"allow":["GET"]}}],"collection":[{"href":"https:\/\/www.cfardel.net\/blog\/wp-json\/wp\/v2\/posts"}],"about":[{"href":"https:\/\/www.cfardel.net\/blog\/wp-json\/wp\/v2\/types\/post"}],"author":[{"embeddable":true,"href":"https:\/\/www.cfardel.net\/blog\/wp-json\/wp\/v2\/users\/1"}],"replies":[{"embeddable":true,"href":"https:\/\/www.cfardel.net\/blog\/wp-json\/wp\/v2\/comments?post=1454"}],"version-history":[{"count":3,"href":"https:\/\/www.cfardel.net\/blog\/wp-json\/wp\/v2\/posts\/1454\/revisions"}],"predecessor-version":[{"id":1457,"href":"https:\/\/www.cfardel.net\/blog\/wp-json\/wp\/v2\/posts\/1454\/revisions\/1457"}],"wp:attachment":[{"href":"https:\/\/www.cfardel.net\/blog\/wp-json\/wp\/v2\/media?parent=1454"}],"wp:term":[{"taxonomy":"category","embeddable":true,"href":"https:\/\/www.cfardel.net\/blog\/wp-json\/wp\/v2\/categories?post=1454"},{"taxonomy":"post_tag","embeddable":true,"href":"https:\/\/www.cfardel.net\/blog\/wp-json\/wp\/v2\/tags?post=1454"}],"curies":[{"name":"wp","href":"https:\/\/api.w.org\/{rel}","templated":true}]}}