{"id":1537,"date":"2024-10-24T11:22:39","date_gmt":"2024-10-24T09:22:39","guid":{"rendered":"https:\/\/www.cfardel.net\/blog\/?p=1537"},"modified":"2024-10-24T11:31:23","modified_gmt":"2024-10-24T09:31:23","slug":"editorial-apple-et-laccessibilite-les-promesses-non-tenues","status":"publish","type":"post","link":"https:\/\/www.cfardel.net\/blog\/editorial-apple-et-laccessibilite-les-promesses-non-tenues","title":{"rendered":"\u00c9ditorial : Apple et l&rsquo;accessibilit\u00e9 : les promesses non tenues"},"content":{"rendered":"<p>En tant qu&rsquo;utilisateur Apple depuis pr\u00e8s de 15 ans, j&rsquo;ai toujours \u00e9t\u00e9 s\u00e9duit par l&rsquo;accessibilit\u00e9 de leurs produits, en particulier de l&rsquo;iPhone. La marque propose des exp\u00e9riences utilisateur fluides et personnalis\u00e9es pour tous. Chaque ann\u00e9e, de nouvelles fonctionnalit\u00e9s d&rsquo;accessibilit\u00e9 viennent enrichir l&rsquo;\u00e9cosyst\u00e8me Apple pour les handicap\u00e9s.<\/p>\n<p>Cependant, derri\u00e8re cette fa\u00e7ade vertueuse se cache une r\u00e9alit\u00e9 plus complexe. Si Apple met en avant l&rsquo;accessibilit\u00e9 de ses produits, force est de constater que la r\u00e9alit\u00e9 sur le terrain est bien diff\u00e9rente. Les bugs sont l\u00e9gion et leur correction tarde souvent \u00e0 venir, compromettant ainsi l&rsquo;exp\u00e9rience utilisateur, surtout pour ceux qui d\u00e9pendent le plus de ces fonctionnalit\u00e9s d&rsquo;accessibilit\u00e9.<\/p>\n<p>Il est paradoxal de voir une entreprise qui met tant d&#8217;emphase sur l&rsquo;accessibilit\u00e9 \u00eatre aussi lente \u00e0 r\u00e9agir lorsqu&rsquo;il s&rsquo;agit de corriger des probl\u00e8mes qui affectent directement l&rsquo;accessibilit\u00e9 de ses produits. Apple devrait corriger les bugs d&rsquo;accessibilit\u00e9 avec autant de rapidit\u00e9 que les failles de s\u00e9curit\u00e9.<\/p>\n<p>Certains pourraient me sugg\u00e9rer de passer \u00e0 Android, un syst\u00e8me d&rsquo;exploitation qui a fait d&rsquo;\u00e9normes progr\u00e8s en mati\u00e8re d&rsquo;accessibilit\u00e9. Cependant, l&rsquo;\u00e9cosyst\u00e8me Apple offre un confort d&rsquo;utilisation et une int\u00e9gration entre les diff\u00e9rents appareils que je ne suis pas pr\u00eat \u00e0 abandonner. Il est frustrant de constater que l&rsquo;entreprise qui a su me s\u00e9duire par son attention port\u00e9e \u00e0 l&rsquo;accessibilit\u00e9 ne parvient pas \u00e0 tenir ses promesses.<\/p>\n<p>Apple a une responsabilit\u00e9 envers ses utilisateurs, et plus particuli\u00e8rement envers ceux qui d\u00e9pendent de ses produits pour vivre au quotidien. Il est temps que l&rsquo;entreprise mette ses actes en conformit\u00e9 avec ses discours et accorde \u00e0 l&rsquo;accessibilit\u00e9 toute l&rsquo;attention qu&rsquo;elle m\u00e9rite.<\/p>\n","protected":false},"excerpt":{"rendered":"<p>En tant qu&rsquo;utilisateur Apple depuis pr\u00e8s de 15 ans, j&rsquo;ai toujours \u00e9t\u00e9 s\u00e9duit par l&rsquo;accessibilit\u00e9 de leurs produits, en particulier de l&rsquo;iPhone. La marque propose des exp\u00e9riences utilisateur fluides et personnalis\u00e9es pour tous. Chaque ann\u00e9e, de nouvelles fonctionnalit\u00e9s d&rsquo;accessibilit\u00e9 viennent enrichir l&rsquo;\u00e9cosyst\u00e8me Apple pour les handicap\u00e9s. Cependant, derri\u00e8re cette fa\u00e7ade vertueuse se cache une r\u00e9alit\u00e9 [&hellip;]<\/p>\n","protected":false},"author":1,"featured_media":0,"comment_status":"open","ping_status":"open","sticky":false,"template":"","format":"standard","meta":{"footnotes":""},"categories":[3,30,28,34],"tags":[],"class_list":["post-1537","post","type-post","status-publish","format-standard","hentry","category-accessibilite","category-apple","category-informatique","category-iphone-ipad"],"_links":{"self":[{"href":"https:\/\/www.cfardel.net\/blog\/wp-json\/wp\/v2\/posts\/1537","targetHints":{"allow":["GET"]}}],"collection":[{"href":"https:\/\/www.cfardel.net\/blog\/wp-json\/wp\/v2\/posts"}],"about":[{"href":"https:\/\/www.cfardel.net\/blog\/wp-json\/wp\/v2\/types\/post"}],"author":[{"embeddable":true,"href":"https:\/\/www.cfardel.net\/blog\/wp-json\/wp\/v2\/users\/1"}],"replies":[{"embeddable":true,"href":"https:\/\/www.cfardel.net\/blog\/wp-json\/wp\/v2\/comments?post=1537"}],"version-history":[{"count":2,"href":"https:\/\/www.cfardel.net\/blog\/wp-json\/wp\/v2\/posts\/1537\/revisions"}],"predecessor-version":[{"id":1539,"href":"https:\/\/www.cfardel.net\/blog\/wp-json\/wp\/v2\/posts\/1537\/revisions\/1539"}],"wp:attachment":[{"href":"https:\/\/www.cfardel.net\/blog\/wp-json\/wp\/v2\/media?parent=1537"}],"wp:term":[{"taxonomy":"category","embeddable":true,"href":"https:\/\/www.cfardel.net\/blog\/wp-json\/wp\/v2\/categories?post=1537"},{"taxonomy":"post_tag","embeddable":true,"href":"https:\/\/www.cfardel.net\/blog\/wp-json\/wp\/v2\/tags?post=1537"}],"curies":[{"name":"wp","href":"https:\/\/api.w.org\/{rel}","templated":true}]}}