{"id":1546,"date":"2025-01-31T08:17:57","date_gmt":"2025-01-31T07:17:57","guid":{"rendered":"https:\/\/www.cfardel.net\/blog\/?p=1546"},"modified":"2025-01-31T08:26:18","modified_gmt":"2025-01-31T07:26:18","slug":"apple-care-plus-et-problemes-daccessibilite-mon-experience-decevante","status":"publish","type":"post","link":"https:\/\/www.cfardel.net\/blog\/apple-care-plus-et-problemes-daccessibilite-mon-experience-decevante","title":{"rendered":"Apple Care Plus et probl\u00e8mes d&rsquo;accessibilit\u00e9 : mon exp\u00e9rience d\u00e9cevante"},"content":{"rendered":"<p>En tant qu&rsquo;utilisateur de longue date des produits Apple, j&rsquo;ai toujours appr\u00e9ci\u00e9 l&rsquo;engagement de l&rsquo;entreprise envers l&rsquo;accessibilit\u00e9. C&rsquo;est pourquoi j&rsquo;ai souscrit \u00e0 l&rsquo;Apple Care Plus pour mon Mac, en esp\u00e9rant b\u00e9n\u00e9ficier d&rsquo;une assistance de qualit\u00e9 en cas de probl\u00e8me. Malheureusement, mon exp\u00e9rience r\u00e9cente avec le support Apple a \u00e9t\u00e9 loin de mes attentes, notamment en ce qui concerne les probl\u00e8mes d&rsquo;accessibilit\u00e9 avec macOS.<\/p>\n<h3>macOS 15 : une mise \u00e0 jour que j&rsquo;ai pr\u00e9f\u00e9r\u00e9 \u00e9viter apr\u00e8s avoir test\u00e9 les versions b\u00eata et fait des retours de bugs<\/h3>\n<p>Lors de la sortie de macOS 15, j&rsquo;ai suivi avec attention les retours des utilisateurs, notamment ceux qui rencontraient des probl\u00e8mes d&rsquo;accessibilit\u00e9 avec VoiceOver, le lecteur d&rsquo;\u00e9cran int\u00e9gr\u00e9 d&rsquo;Apple. J&rsquo;ai m\u00eame test\u00e9 tout le cycle de versions b\u00eata de macOS 15, depuis la pr\u00e9sentation initiale, et j&rsquo;ai fait des retours de bugs \u00e0 Apple concernant les probl\u00e8mes d&rsquo;accessibilit\u00e9 que je rencontrais.<\/p>\n<p>Malheureusement, mes observations ont confirm\u00e9 les difficult\u00e9s rencontr\u00e9es par de nombreux utilisateurs. Les probl\u00e8mes concernaient notamment l&rsquo;application Apple Music, qui \u00e9tait inutilisable avec VoiceOver, la navigation dans le Dock, qui \u00e9tait devenue tr\u00e8s difficile, et la navigation rapide, qui posait \u00e9galement des probl\u00e8mes. Ces probl\u00e8mes, s&rsquo;ils n&rsquo;\u00e9taient pas r\u00e9solus, rendraient difficile l&rsquo;utilisation de mon Mac.<\/p>\n<p>\u00c9tant donn\u00e9 ces probl\u00e8mes persistants, et malgr\u00e9 mes retours de bugs, j&rsquo;ai pr\u00e9f\u00e9r\u00e9 ne pas effectuer la mise \u00e0 jour vers macOS 15 et rester sur macOS 14, en esp\u00e9rant une r\u00e9solution rapide de ces probl\u00e8mes d&rsquo;accessibilit\u00e9.<\/p>\n<h3>macOS 14 : des difficult\u00e9s de mise \u00e0 jour persistantes<\/h3>\n<p>Malheureusement, m\u00eame sur macOS 14, j&rsquo;ai rencontr\u00e9 des difficult\u00e9s pour installer les mises \u00e0 jour. En effet, bien que le bouton de mise \u00e0 jour pour macOS 14 soit visible par VoiceOver, il m&rsquo;est impossible de cliquer dessus. L&rsquo;interface de mise \u00e0 jour logicielle me propose de passer \u00e0 macOS 15, il y a donc un bug d&rsquo;accessibilit\u00e9. Par ce moyen je ne peux donc pas mettre \u00e0 jour le syst\u00e8me. Heureusement j&rsquo;ai pu trouver une autre solution. J&rsquo;ai pass\u00e9 par le mac appstore, et j&rsquo;ai t\u00e9l\u00e9charg\u00e9 la mise \u00e0 jour compl\u00e8te de macos 14.<\/p>\n<h3>Un appel au support Apple infructueux<\/h3>\n<p>J&rsquo;ai donc contact\u00e9 l&rsquo;assistance Apple en expliquant les probl\u00e8mes que je rencontrais. Malheureusement, l&rsquo;\u00e9quipe de support n&rsquo;a pas \u00e9t\u00e9 en mesure de m&rsquo;aider. Pire encore, j&rsquo;ai eu l&rsquo;impression que mes pr\u00e9occupations concernant les probl\u00e8mes d&rsquo;accessibilit\u00e9 n&rsquo;\u00e9taient pas prises au s\u00e9rieux. On m&rsquo;a m\u00eame laiss\u00e9 entendre que je mentais sur l&rsquo;existence de ces probl\u00e8mes, ce qui \u00e9tait profond\u00e9ment d\u00e9cevant.<\/p>\n<h3>Conclusion : un manque de consid\u00e9ration pour les personnes handicap\u00e9es<\/h3>\n<p>Mon exp\u00e9rience avec l&rsquo;Apple Care Plus a \u00e9t\u00e9 extr\u00eamement d\u00e9cevante. Non seulement je n&rsquo;ai pas re\u00e7u l&rsquo;aide dont j&rsquo;avais besoin, mais j&rsquo;ai \u00e9galement eu l&rsquo;impression que mes probl\u00e8mes d&rsquo;accessibilit\u00e9 \u00e9taient minimis\u00e9s, voire ni\u00e9s. Il est regrettable de constater un tel manque de consid\u00e9ration pour les personnes handicap\u00e9es de la part d&rsquo;une entreprise qui se targue de son engagement en faveur de l&rsquo;accessibilit\u00e9.<\/p>\n<p>J&rsquo;esp\u00e8re que mon t\u00e9moignage permettra de sensibiliser Apple \u00e0 l&rsquo;importance de prendre au s\u00e9rieux les probl\u00e8mes d&rsquo;accessibilit\u00e9 et d&rsquo;offrir un support adapt\u00e9 aux personnes handicap\u00e9es.<\/p>\n","protected":false},"excerpt":{"rendered":"<p>En tant qu&rsquo;utilisateur de longue date des produits Apple, j&rsquo;ai toujours appr\u00e9ci\u00e9 l&rsquo;engagement de l&rsquo;entreprise envers l&rsquo;accessibilit\u00e9. C&rsquo;est pourquoi j&rsquo;ai souscrit \u00e0 l&rsquo;Apple Care Plus pour mon Mac, en esp\u00e9rant b\u00e9n\u00e9ficier d&rsquo;une assistance de qualit\u00e9 en cas de probl\u00e8me. Malheureusement, mon exp\u00e9rience r\u00e9cente avec le support Apple a \u00e9t\u00e9 loin de mes attentes, notamment en [&hellip;]<\/p>\n","protected":false},"author":1,"featured_media":0,"comment_status":"open","ping_status":"open","sticky":false,"template":"","format":"standard","meta":{"footnotes":""},"categories":[3,30,28],"tags":[],"class_list":["post-1546","post","type-post","status-publish","format-standard","hentry","category-accessibilite","category-apple","category-informatique"],"_links":{"self":[{"href":"https:\/\/www.cfardel.net\/blog\/wp-json\/wp\/v2\/posts\/1546","targetHints":{"allow":["GET"]}}],"collection":[{"href":"https:\/\/www.cfardel.net\/blog\/wp-json\/wp\/v2\/posts"}],"about":[{"href":"https:\/\/www.cfardel.net\/blog\/wp-json\/wp\/v2\/types\/post"}],"author":[{"embeddable":true,"href":"https:\/\/www.cfardel.net\/blog\/wp-json\/wp\/v2\/users\/1"}],"replies":[{"embeddable":true,"href":"https:\/\/www.cfardel.net\/blog\/wp-json\/wp\/v2\/comments?post=1546"}],"version-history":[{"count":3,"href":"https:\/\/www.cfardel.net\/blog\/wp-json\/wp\/v2\/posts\/1546\/revisions"}],"predecessor-version":[{"id":1549,"href":"https:\/\/www.cfardel.net\/blog\/wp-json\/wp\/v2\/posts\/1546\/revisions\/1549"}],"wp:attachment":[{"href":"https:\/\/www.cfardel.net\/blog\/wp-json\/wp\/v2\/media?parent=1546"}],"wp:term":[{"taxonomy":"category","embeddable":true,"href":"https:\/\/www.cfardel.net\/blog\/wp-json\/wp\/v2\/categories?post=1546"},{"taxonomy":"post_tag","embeddable":true,"href":"https:\/\/www.cfardel.net\/blog\/wp-json\/wp\/v2\/tags?post=1546"}],"curies":[{"name":"wp","href":"https:\/\/api.w.org\/{rel}","templated":true}]}}