{"id":1565,"date":"2025-06-02T08:44:57","date_gmt":"2025-06-02T06:44:57","guid":{"rendered":"https:\/\/www.cfardel.net\/blog\/?p=1565"},"modified":"2025-06-02T08:44:57","modified_gmt":"2025-06-02T06:44:57","slug":"apple-face-a-ses-demons-un-air-de-deja-vu","status":"publish","type":"post","link":"https:\/\/www.cfardel.net\/blog\/apple-face-a-ses-demons-un-air-de-deja-vu","title":{"rendered":"Apple face \u00e0 ses d\u00e9mons : un air de d\u00e9j\u00e0-vu ?"},"content":{"rendered":"\n<p>Il y a quelque temps, je vous parlais de mon exp\u00e9rience avec les produits Apple, soulignant \u00e0 quel point leur simplicit\u00e9 d&rsquo;utilisation \u00e9tait pour moi un atout ind\u00e9niable. Je mettais notamment en lumi\u00e8re la mani\u00e8re dont cette simplicit\u00e9 facilitait l&rsquo;acc\u00e8s aux technologies pour <strong>les personnes handicap\u00e9es, et plus particuli\u00e8rement les aveugles<\/strong>, gr\u00e2ce \u00e0 des fonctionnalit\u00e9s d&rsquo;accessibilit\u00e9 exemplaires. Aujourd&rsquo;hui, je souhaite aborder la marque \u00e0 la pomme sous un angle plus g\u00e9n\u00e9ral, car il me semble qu&rsquo;Apple traverse une p\u00e9riode d\u00e9licate, loin de l&rsquo;image d&rsquo;innovation et de perfection qu&rsquo;elle a longtemps projet\u00e9e.<\/p>\n<p>L&rsquo;actualit\u00e9 autour d&rsquo;Apple est loin d&rsquo;\u00eatre idyllique. On parle de <strong>retard significatif dans le domaine de l&rsquo;intelligence artificielle<\/strong>, un secteur pourtant crucial pour l&rsquo;avenir de la tech. Des rumeurs persistantes \u00e9voquent des <strong>tensions au sein de la direction<\/strong>, un signe qui ne trompe g\u00e9n\u00e9ralement pas sur la sant\u00e9 interne d&rsquo;une entreprise. Mais ce qui me frappe le plus, c&rsquo;est cette <strong>prolif\u00e9ration de produits<\/strong> o\u00f9 le client peine \u00e0 s&rsquo;y retrouver. Trop de mod\u00e8les d&rsquo;iPhone, d&rsquo;iPad, de Mac\u2026 La gamme est devenue tellement vaste qu&rsquo;elle en perd sa clart\u00e9, et avec elle, la fameuse simplicit\u00e9 qui a fait le succ\u00e8s d&rsquo;Apple.<\/p>\n<p>\u00c0 cela s&rsquo;ajoutent des <strong>bugs logiciels de plus en plus fr\u00e9quents<\/strong> et une <strong>augmentation constante des prix<\/strong>, rendant les produits Apple moins accessibles et parfois frustrants \u00e0 utiliser. On ne peut s&#8217;emp\u00eacher de noter que <strong>Tim Cook<\/strong>, bien qu&rsquo;\u00e9tant un ma\u00eetre incontest\u00e9 de la finance et de la logistique, n&rsquo;est pas un \u00ab\u00a0homme de produit\u00a0\u00bb \u00e0 l&rsquo;instar de son pr\u00e9d\u00e9cesseur. Il excelle \u00e0 faire rentrer l&rsquo;argent chez Apple, mais la vision produit semble parfois s&rsquo;en trouver dilu\u00e9e.<\/p>\n<p>Cette situation n&rsquo;est pas sans rappeler une p\u00e9riode sombre pour l&rsquo;entreprise : les ann\u00e9es 90. Avant le retour de Steve Jobs, Apple \u00e9tait une entreprise sans direction claire, produisant une multitude de produits qui diluaient son identit\u00e9. On avait l&rsquo;impression d&rsquo;une marque qui cherchait son chemin, et le client en payait le prix.<\/p>\n<p>Certes, Apple est assise sur un tr\u00e9sor de guerre colossal. La firme dispose de <strong>r\u00e9serves financi\u00e8res impressionnantes<\/strong>, de quoi voir venir, penseront certains. Mais l&rsquo;argent ne fait pas tout, et l&rsquo;histoire regorge d&rsquo;exemples d&rsquo;entreprises qui, malgr\u00e9 leur puissance financi\u00e8re, ont fini par chuter. Le cas de <strong>Nokia<\/strong> est \u00e0 cet \u00e9gard embl\u00e9matique : autrefois leader incontest\u00e9 de la t\u00e9l\u00e9phonie mobile, le g\u00e9ant finlandais n&rsquo;a pas su prendre le virage du smartphone et a fini par dispara\u00eetre des radars, malgr\u00e9 des ann\u00e9es de domination et des ressources consid\u00e9rables.<\/p>\n<p>Alors, o\u00f9 va Apple ? La question est l\u00e9gitime. L&rsquo;entreprise saura-t-elle retrouver son ADN d&rsquo;innovation, sa simplicit\u00e9 l\u00e9gendaire et une direction claire ? Ou bien est-elle en train de suivre le chemin de g\u00e9ants d\u00e9chus, victime de son succ\u00e8s et d&rsquo;une certaine complaisance ? L&rsquo;avenir nous le dira, mais une chose est s\u00fbre : les prochains mois seront d\u00e9cisifs pour la marque \u00e0 la pomme.<\/p>\n<p>Et vous, quel est votre avis sur la situation actuelle d&rsquo;Apple ?<\/p>\n<hr>\n<p><\/body><br \/>\n<\/html><\/p>\n","protected":false},"excerpt":{"rendered":"<p>Il y a quelque temps, je vous parlais de mon exp\u00e9rience avec les produits Apple, soulignant \u00e0 quel point leur simplicit\u00e9 d&rsquo;utilisation \u00e9tait pour moi un atout ind\u00e9niable. Je mettais notamment en lumi\u00e8re la mani\u00e8re dont cette simplicit\u00e9 facilitait l&rsquo;acc\u00e8s aux technologies pour les personnes handicap\u00e9es, et plus particuli\u00e8rement les aveugles, gr\u00e2ce \u00e0 des fonctionnalit\u00e9s [&hellip;]<\/p>\n","protected":false},"author":1,"featured_media":0,"comment_status":"open","ping_status":"open","sticky":false,"template":"","format":"standard","meta":{"footnotes":""},"categories":[30],"tags":[],"class_list":["post-1565","post","type-post","status-publish","format-standard","hentry","category-apple"],"_links":{"self":[{"href":"https:\/\/www.cfardel.net\/blog\/wp-json\/wp\/v2\/posts\/1565","targetHints":{"allow":["GET"]}}],"collection":[{"href":"https:\/\/www.cfardel.net\/blog\/wp-json\/wp\/v2\/posts"}],"about":[{"href":"https:\/\/www.cfardel.net\/blog\/wp-json\/wp\/v2\/types\/post"}],"author":[{"embeddable":true,"href":"https:\/\/www.cfardel.net\/blog\/wp-json\/wp\/v2\/users\/1"}],"replies":[{"embeddable":true,"href":"https:\/\/www.cfardel.net\/blog\/wp-json\/wp\/v2\/comments?post=1565"}],"version-history":[{"count":2,"href":"https:\/\/www.cfardel.net\/blog\/wp-json\/wp\/v2\/posts\/1565\/revisions"}],"predecessor-version":[{"id":1567,"href":"https:\/\/www.cfardel.net\/blog\/wp-json\/wp\/v2\/posts\/1565\/revisions\/1567"}],"wp:attachment":[{"href":"https:\/\/www.cfardel.net\/blog\/wp-json\/wp\/v2\/media?parent=1565"}],"wp:term":[{"taxonomy":"category","embeddable":true,"href":"https:\/\/www.cfardel.net\/blog\/wp-json\/wp\/v2\/categories?post=1565"},{"taxonomy":"post_tag","embeddable":true,"href":"https:\/\/www.cfardel.net\/blog\/wp-json\/wp\/v2\/tags?post=1565"}],"curies":[{"name":"wp","href":"https:\/\/api.w.org\/{rel}","templated":true}]}}