{"id":1600,"date":"2026-01-04T11:02:38","date_gmt":"2026-01-04T10:02:38","guid":{"rendered":"https:\/\/www.cfardel.net\/blog\/?p=1600"},"modified":"2026-01-04T11:04:52","modified_gmt":"2026-01-04T10:04:52","slug":"le-braille-bien-plus-que-des-points-une-liberte-a-defendre","status":"publish","type":"post","link":"https:\/\/www.cfardel.net\/blog\/le-braille-bien-plus-que-des-points-une-liberte-a-defendre","title":{"rendered":"Le Braille, bien plus que des points, une libert\u00e9 \u00e0 d\u00e9fendre"},"content":{"rendered":"<p>Le 4 janvier, nous c\u00e9l\u00e9brons la <strong>Journ\u00e9e internationale du braille<\/strong>. Plus qu\u2019un simple hommage \u00e0 Louis Braille, cette date est un rappel vital : l\u2019acc\u00e8s \u00e0 l\u2019\u00e9crit est un droit fondamental, et pour les personnes aveugles ou malvoyantes, ce droit porte un nom et une texture.<\/p>\n<h3>Pourquoi le Braille est irrempla\u00e7able<\/h3>\n<p>Le braille n\u2019est pas une option, c\u2019est le socle de l\u2019alphab\u00e9tisation. Si la synth\u00e8se vocale est un outil formidable pour la rapidit\u00e9 et l&#8217;acc\u00e8s \u00e0 l&#8217;information de masse, elle ne remplace en rien la lecture.<\/p>\n<ul>\n<li><strong>L&#8217;orthographe et la grammaire :<\/strong> On n\u2019apprend pas \u00e0 \u00e9crire en \u00e9coutant, on apprend en touchant les mots.<\/li>\n<li><strong>L\u2019autonomie r\u00e9elle :<\/strong> Prendre des notes en r\u00e9union, lire un discours en public ou simplement \u00e9tiqueter ses bo\u00eetes de m\u00e9dicaments demande une ma\u00eetrise du braille.<\/li>\n<li><strong>La structure de la pens\u00e9e :<\/strong> Lire par soi-m\u00eame permet d\u2019assimiler la ponctuation, la mise en page et la structure d\u2019un texte, des \u00e9l\u00e9ments que l&#8217;oreille seule laisse souvent s&#8217;\u00e9chapper.<\/li>\n<\/ul>\n<h3>L\u2019illusion du &#8220;Tout-Audio&#8221;<\/h3>\n<p>Aujourd&#8217;hui, nous constatons une d\u00e9rive inqui\u00e9tante : l&#8217;abandon progressif du braille au profit de la synth\u00e8se vocale. Sous pr\u00e9texte de modernit\u00e9, on prive les jeunes d&#8217;un outil d&#8217;\u00e9mancipation. \u00c9couter n&#8217;est pas lire. Se contenter de l&#8217;audio, c&#8217;est devenir un <strong>&#8220;analphab\u00e8te secondaire&#8221;<\/strong>.<\/p>\n<h3>Le cri d\u2019alarme : L\u2019\u00e9cole en question<\/h3>\n<p>Le probl\u00e8me prend racine d\u00e8s l&#8217;enfance. Avec l&#8217;int\u00e9gration des \u00e9l\u00e8ves aveugles en milieu scolaire ordinaire, le temps d\u00e9di\u00e9 \u00e0 l&#8217;apprentissage du braille a fondu comme neige au soleil. Aujourd&#8217;hui, un enfant non-voyant ne b\u00e9n\u00e9ficie souvent que d&#8217;une \u00e0 deux heures de braille par semaine avec un enseignant sp\u00e9cialis\u00e9.<\/p>\n<p><strong>Posons-nous la question :<\/strong> que dirait-on si l&#8217;on annon\u00e7ait aux parents d&#8217;enfants voyants que leurs enfants n&#8217;apprendraient \u00e0 lire et \u00e0 \u00e9crire que deux heures par semaine ? Ce serait un scandale national. On crierait \u00e0 l&#8217;abandon scolaire. C\u2019est pourtant la r\u00e9alit\u00e9 que vivent de nombreux jeunes aveugles aujourd&#8217;hui.<\/p>\n<h3>Conclusion<\/h3>\n<p>Le braille est l&#8217;outil de la libert\u00e9. Ne laissons pas la technologie nous dicter notre rapport au monde. En cette journ\u00e9e internationale, r\u00e9affirmons que l&#8217;acc\u00e8s \u00e0 l&#8217;\u00e9criture tactile est une exigence d\u00e9mocratique. Apprendre le braille, c&#8217;est choisir de voir avec ses doigts pour ne plus d\u00e9pendre uniquement de ses oreilles.<\/p>\n","protected":false},"excerpt":{"rendered":"<p>Le 4 janvier, nous c\u00e9l\u00e9brons la Journ\u00e9e internationale du braille. Plus qu\u2019un simple hommage \u00e0 Louis Braille, cette date est un rappel vital : l\u2019acc\u00e8s \u00e0 l\u2019\u00e9crit est un droit fondamental, et pour les personnes aveugles ou malvoyantes, ce droit porte un nom et une texture. Pourquoi le Braille est irrempla\u00e7able Le braille n\u2019est pas [&hellip;]<\/p>\n","protected":false},"author":1,"featured_media":0,"comment_status":"open","ping_status":"open","sticky":false,"template":"","format":"standard","meta":{"footnotes":""},"categories":[12],"tags":[],"class_list":["post-1600","post","type-post","status-publish","format-standard","hentry","category-braille"],"_links":{"self":[{"href":"https:\/\/www.cfardel.net\/blog\/wp-json\/wp\/v2\/posts\/1600","targetHints":{"allow":["GET"]}}],"collection":[{"href":"https:\/\/www.cfardel.net\/blog\/wp-json\/wp\/v2\/posts"}],"about":[{"href":"https:\/\/www.cfardel.net\/blog\/wp-json\/wp\/v2\/types\/post"}],"author":[{"embeddable":true,"href":"https:\/\/www.cfardel.net\/blog\/wp-json\/wp\/v2\/users\/1"}],"replies":[{"embeddable":true,"href":"https:\/\/www.cfardel.net\/blog\/wp-json\/wp\/v2\/comments?post=1600"}],"version-history":[{"count":2,"href":"https:\/\/www.cfardel.net\/blog\/wp-json\/wp\/v2\/posts\/1600\/revisions"}],"predecessor-version":[{"id":1602,"href":"https:\/\/www.cfardel.net\/blog\/wp-json\/wp\/v2\/posts\/1600\/revisions\/1602"}],"wp:attachment":[{"href":"https:\/\/www.cfardel.net\/blog\/wp-json\/wp\/v2\/media?parent=1600"}],"wp:term":[{"taxonomy":"category","embeddable":true,"href":"https:\/\/www.cfardel.net\/blog\/wp-json\/wp\/v2\/categories?post=1600"},{"taxonomy":"post_tag","embeddable":true,"href":"https:\/\/www.cfardel.net\/blog\/wp-json\/wp\/v2\/tags?post=1600"}],"curies":[{"name":"wp","href":"https:\/\/api.w.org\/{rel}","templated":true}]}}