{"id":1605,"date":"2026-04-20T05:51:32","date_gmt":"2026-04-20T03:51:32","guid":{"rendered":"https:\/\/www.cfardel.net\/blog\/?p=1605"},"modified":"2026-04-20T05:51:32","modified_gmt":"2026-04-20T03:51:32","slug":"accessibilite-apple-oxytude-interpelle-la-firme-a-la-pomme","status":"publish","type":"post","link":"https:\/\/www.cfardel.net\/blog\/accessibilite-apple-oxytude-interpelle-la-firme-a-la-pomme","title":{"rendered":"Accessibilit\u00e9 Apple : Oxytude interpelle la firme \u00e0 la pomme"},"content":{"rendered":"<p>Le site <strong>Oxytude.org<\/strong>, r\u00e9f\u00e9rence en mati\u00e8re d&rsquo;accessibilit\u00e9 num\u00e9rique pour les personnes aveugles et malvoyantes, a r\u00e9cemment publi\u00e9 une<br \/>\n      <a href=\"https:\/\/www.oxytude.org\/accessibilite-lettre-ouverte-a-apple-accessibility-an-open-letter-to-apple\/\" target=\"_blank\" rel=\"noopener\">lettre ouverte adress\u00e9e \u00e0 Apple<\/a>.\n    <\/p>\n<p>\n      Dans ce plaidoyer, l&rsquo;\u00e9quipe d&rsquo;Oxytude d\u00e9nonce la persistance de nombreux bugs d&rsquo;accessibilit\u00e9 (VoiceOver, suivi du curseur, prononciation des grands nombres)<br \/>\n      qui entravent l&rsquo;usage quotidien des produits Apple depuis plusieurs ann\u00e9es. Malgr\u00e9 les retours constants des utilisateurs durant les phases b\u00eata,<br \/>\n      ces probl\u00e8mes restent trop souvent sans correction, impactant directement l&rsquo;autonomie des utilisateurs handicap\u00e9es.\n    <\/p>\n<p>\n      Nous vous invitons vivement \u00e0 lire cette lettre et \u00e0 la partager pour sensibiliser le plus grand nombre \u00e0 cet enjeu majeur de l&rsquo;int\u00e9gration num\u00e9rique.\n    <\/p>\n<p>      Lien vers l&rsquo;article complet :<br \/>\n      <a href=\"https:\/\/www.oxytude.org\/accessibilite-lettre-ouverte-a-apple-accessibility-an-open-letter-to-apple\/\" target=\"_blank\" rel=\"noopener\"><br \/>\n        Lettre ouverte \u00e0 Apple &#8211; Oxytude.org<br \/>\n      <\/a><\/p>\n","protected":false},"excerpt":{"rendered":"<p>Le site Oxytude.org, r\u00e9f\u00e9rence en mati\u00e8re d&rsquo;accessibilit\u00e9 num\u00e9rique pour les personnes aveugles et malvoyantes, a r\u00e9cemment publi\u00e9 une lettre ouverte adress\u00e9e \u00e0 Apple. Dans ce plaidoyer, l&rsquo;\u00e9quipe d&rsquo;Oxytude d\u00e9nonce la persistance de nombreux bugs d&rsquo;accessibilit\u00e9 (VoiceOver, suivi du curseur, prononciation des grands nombres) qui entravent l&rsquo;usage quotidien des produits Apple depuis plusieurs ann\u00e9es. Malgr\u00e9 les [&hellip;]<\/p>\n","protected":false},"author":1,"featured_media":0,"comment_status":"open","ping_status":"open","sticky":false,"template":"","format":"standard","meta":{"footnotes":""},"categories":[3,30],"tags":[],"class_list":["post-1605","post","type-post","status-publish","format-standard","hentry","category-accessibilite","category-apple"],"_links":{"self":[{"href":"https:\/\/www.cfardel.net\/blog\/wp-json\/wp\/v2\/posts\/1605","targetHints":{"allow":["GET"]}}],"collection":[{"href":"https:\/\/www.cfardel.net\/blog\/wp-json\/wp\/v2\/posts"}],"about":[{"href":"https:\/\/www.cfardel.net\/blog\/wp-json\/wp\/v2\/types\/post"}],"author":[{"embeddable":true,"href":"https:\/\/www.cfardel.net\/blog\/wp-json\/wp\/v2\/users\/1"}],"replies":[{"embeddable":true,"href":"https:\/\/www.cfardel.net\/blog\/wp-json\/wp\/v2\/comments?post=1605"}],"version-history":[{"count":1,"href":"https:\/\/www.cfardel.net\/blog\/wp-json\/wp\/v2\/posts\/1605\/revisions"}],"predecessor-version":[{"id":1606,"href":"https:\/\/www.cfardel.net\/blog\/wp-json\/wp\/v2\/posts\/1605\/revisions\/1606"}],"wp:attachment":[{"href":"https:\/\/www.cfardel.net\/blog\/wp-json\/wp\/v2\/media?parent=1605"}],"wp:term":[{"taxonomy":"category","embeddable":true,"href":"https:\/\/www.cfardel.net\/blog\/wp-json\/wp\/v2\/categories?post=1605"},{"taxonomy":"post_tag","embeddable":true,"href":"https:\/\/www.cfardel.net\/blog\/wp-json\/wp\/v2\/tags?post=1605"}],"curies":[{"name":"wp","href":"https:\/\/api.w.org\/{rel}","templated":true}]}}