{"id":1607,"date":"2026-04-21T10:26:57","date_gmt":"2026-04-21T08:26:57","guid":{"rendered":"https:\/\/www.cfardel.net\/blog\/?p=1607"},"modified":"2026-04-21T10:26:57","modified_gmt":"2026-04-21T08:26:57","slug":"un-nouveau-visage-pour-apple-une-nouvelle-ere-pour-nous","status":"publish","type":"post","link":"https:\/\/www.cfardel.net\/blog\/un-nouveau-visage-pour-apple-une-nouvelle-ere-pour-nous","title":{"rendered":"Un nouveau visage pour Apple, une nouvelle \u00e8re pour nous ?"},"content":{"rendered":"<p>        Le clap de fin a retenti pour Tim Cook. Alors que le g\u00e9ant de Cupertino tourne la page la plus rentable de son histoire, un nouveau visage s&rsquo;appr\u00eate \u00e0 porter le destin de l&rsquo;iPhone sur ses \u00e9paules : John Ternus.\n    <\/p>\n<p>\n        C\u2019est un s\u00e9isme dans la Silicon Valley. Apr\u00e8s avoir consolid\u00e9 l\u2019empire financier d\u2019Apple, Tim Cook laisse sa place. Pour lui succ\u00e9der, la firme a choisi <strong>John Ternus<\/strong>, actuel Senior Vice President de l&rsquo;ing\u00e9nierie mat\u00e9rielle. Plus jeune, tr\u00e8s impliqu\u00e9 dans la transition vers les puces Apple Silicon, Ternus incarne cette nouvelle garde technique qui pourrait bien bousculer les habitudes de la maison.\n    <\/p>\n<h2>Retrouver l&rsquo;ADN de l&rsquo;\u00e9poque Steve Jobs<\/h2>\n<p>\n        On ne va pas se mentir : si Tim Cook \u00e9tait le ma\u00eetre de la logistique, il nous manquait parfois ce grain de folie, cette prise de risque qui faisait vibrer les Keynotes de l&rsquo;\u00e9poque Jobs. On esp\u00e8re aujourd&rsquo;hui que John Ternus saura insuffler ce nouveau souffle. M\u00eame si l&rsquo;on sait que \u00ab\u00a0ce ne sera jamais pareil\u00a0\u00bb, l&rsquo;envie de revoir une marque audacieuse est l\u00e0.\n    <\/p>\n<div class=\"highlight-box\">\n        <strong>Mon attente :<\/strong> J&rsquo;esp\u00e8re que sous cette nouvelle \u00e8re, Apple va enfin sortir de sa zone de confort en mati\u00e8re d&rsquo;acquisitions. Il est temps que la firme utilise son tr\u00e9sor de guerre pour racheter des <strong>entreprises logicielles strat\u00e9giques<\/strong>. Apple doit redevenir un leader de l&rsquo;innovation logicielle et non plus seulement un perfectionneur de mat\u00e9riel.\n    <\/div>\n<h2>L&rsquo;accessibilit\u00e9 : Un pilier \u00e0 consolider<\/h2>\n<p>\n        Au milieu de cette transition majeure, un point reste crucial \u00e0 mes yeux : <strong>l&rsquo;accessibilit\u00e9<\/strong>. Apple a souvent eu une longueur d&rsquo;avance pour rendre la technologie utilisable par tous. Est-ce que Ternus continuera de placer l&rsquo;humain au centre de ses priorit\u00e9s mat\u00e9rielles et logicielles ? C&rsquo;est un dossier que nous suivrons de tr\u00e8s pr\u00e8s.\n    <\/p>\n<p class=\"footer-note\">\n        Une nouvelle page s&rsquo;\u00e9crit. John Ternus parviendra-t-il \u00e0 nous surprendre \u00e0 nouveau ? Affaire \u00e0 suivre !\n    <\/p>\n","protected":false},"excerpt":{"rendered":"<p>Le clap de fin a retenti pour Tim Cook. Alors que le g\u00e9ant de Cupertino tourne la page la plus rentable de son histoire, un nouveau visage s&rsquo;appr\u00eate \u00e0 porter le destin de l&rsquo;iPhone sur ses \u00e9paules : John Ternus. C\u2019est un s\u00e9isme dans la Silicon Valley. Apr\u00e8s avoir consolid\u00e9 l\u2019empire financier d\u2019Apple, Tim Cook [&hellip;]<\/p>\n","protected":false},"author":1,"featured_media":0,"comment_status":"open","ping_status":"open","sticky":false,"template":"","format":"standard","meta":{"footnotes":""},"categories":[30],"tags":[],"class_list":["post-1607","post","type-post","status-publish","format-standard","hentry","category-apple"],"_links":{"self":[{"href":"https:\/\/www.cfardel.net\/blog\/wp-json\/wp\/v2\/posts\/1607","targetHints":{"allow":["GET"]}}],"collection":[{"href":"https:\/\/www.cfardel.net\/blog\/wp-json\/wp\/v2\/posts"}],"about":[{"href":"https:\/\/www.cfardel.net\/blog\/wp-json\/wp\/v2\/types\/post"}],"author":[{"embeddable":true,"href":"https:\/\/www.cfardel.net\/blog\/wp-json\/wp\/v2\/users\/1"}],"replies":[{"embeddable":true,"href":"https:\/\/www.cfardel.net\/blog\/wp-json\/wp\/v2\/comments?post=1607"}],"version-history":[{"count":2,"href":"https:\/\/www.cfardel.net\/blog\/wp-json\/wp\/v2\/posts\/1607\/revisions"}],"predecessor-version":[{"id":1610,"href":"https:\/\/www.cfardel.net\/blog\/wp-json\/wp\/v2\/posts\/1607\/revisions\/1610"}],"wp:attachment":[{"href":"https:\/\/www.cfardel.net\/blog\/wp-json\/wp\/v2\/media?parent=1607"}],"wp:term":[{"taxonomy":"category","embeddable":true,"href":"https:\/\/www.cfardel.net\/blog\/wp-json\/wp\/v2\/categories?post=1607"},{"taxonomy":"post_tag","embeddable":true,"href":"https:\/\/www.cfardel.net\/blog\/wp-json\/wp\/v2\/tags?post=1607"}],"curies":[{"name":"wp","href":"https:\/\/api.w.org\/{rel}","templated":true}]}}