{"id":19,"date":"2008-01-02T01:57:13","date_gmt":"2007-06-10T12:25:24","guid":{"rendered":""},"modified":"2009-01-19T18:13:07","modified_gmt":"2009-01-19T17:13:07","slug":"la_cecite_et_moi","status":"publish","type":"post","link":"https:\/\/www.cfardel.net\/blog\/la_cecite_et_moi","title":{"rendered":"La c\u00e9cit\u00e9 et moi"},"content":{"rendered":"<p>Ce qui me pla\u00eet, c&rsquo;est de mettre sur mon site des choses toujours nouvelles. On m&rsquo;a dit que beaucoup de visiteurs pourraient appr\u00e9cier que j&rsquo;explique un<br \/>\npeu comment je vis la c\u00e9cit\u00e9. Certains peuvent en effet se demander ce que signifie \u00eatre aveugle.<\/p>\n<p>Atteint d&rsquo;une vitr\u00e9o-r\u00e9tinopathie, j&rsquo;ai vu tr\u00e8s peu jusqu&rsquo;\u00e0 environ 3 ans et, depuis cet \u00e2ge, il ne me reste plus qu&rsquo;une tr\u00e8s faible perception de la lumi\u00e8re.<br \/>\nPour moi, \u00eatre aveugle est donc quelque chose de normal, d&rsquo;habituel, et, pour \u00eatre franc, je ne me pose pas de questions. Ca ne me g\u00eane pas qu&rsquo;on me parle<br \/>\ndu handicap, mais je n&rsquo;y pense pas plus que la plupart des gens ne r\u00e9fl\u00e9chisse sur le fait d&rsquo;y voir clair.<\/p>\n<p>Oh, je peux reconna\u00eetre que je regrette bien de ne pas pouvoir envisager de conduire une voiture, comme d&rsquo;accomplir d&rsquo;autres choses o\u00f9 la vue est indispensable.<br \/>\nUn autre inconv\u00e9nient, c&rsquo;est pour les achats. Pour le pain, par exemple, s&rsquo;il suffit de le demander \u00e0 la boulang\u00e8re, il en va tout autrement pour les v\u00eatements<br \/>\nou les articles qu&rsquo;on ne trouve que dans les grandes surfaces. Autre chose me manque aussi, c&rsquo;est de ne pas pouvoir lire les panneaux dans les rues ou<br \/>\nles inscriptions que vous rencontrez partout.<\/p>\n<p>Par ailleurs, je n&rsquo;aime pas bien me retrouver parmi des gens qui regardent et se passent des photos, surtout quand \u00e7a dure longtemps.<\/p>\n<p>S&rsquo;agissant de savoir comment on \u00ab\u00a0voit\u00a0\u00bb quand on est aveugle, si l&rsquo;on est dans le noir, j&rsquo;ai un peu de mal \u00e0 expliquer la chose car je n&rsquo;ai pas de point<br \/>\nde comparaison. En tous cas, je ne vois pas le noir. Je parlerais plut\u00f4t d&rsquo;une impression de clart\u00e9 ou d&rsquo;obscurit\u00e9. Un ami \u00e9galement aveugle qui a cette<br \/>\nm\u00eame impression me dit qu&rsquo;elle varie selon son humeur. S&rsquo;il est de bonne humeur, l&rsquo;impression est lumineuse ; s&rsquo;il est d&rsquo;humeur plus maussade, c&rsquo;est l&rsquo;obscurit\u00e9<br \/>\nqu&rsquo;il per\u00e7oit.<\/p>\n<p>Enfin, je pr\u00e9cise que je ne vis pas la c\u00e9cit\u00e9 comme un drame, que je n&rsquo;\u00e9changerais pas mon handicap contre un autre et que je consid\u00e8re donc qu&rsquo;il y a toujours<br \/>\npire situation que la sienne.<\/p>\n<p>Maintenant, si vous vous posez des questions, n&rsquo;h\u00e9sitez pas \u00e0 me contacter, ou \u00e0 laisser un commentaire. Je t\u00e2cherai d&rsquo;y r\u00e9pondre de mon mieux. Cela me permettra d&rsquo;enrichir ce texte.<\/p>\n","protected":false},"excerpt":{"rendered":"<p>Ce qui me pla\u00eet, c&rsquo;est de mettre sur mon site des choses toujours nouvelles. On m&rsquo;a dit que beaucoup de visiteurs pourraient appr\u00e9cier que j&rsquo;explique un peu comment je vis la c\u00e9cit\u00e9. Certains peuvent en effet se demander ce que signifie \u00eatre aveugle. Atteint d&rsquo;une vitr\u00e9o-r\u00e9tinopathie, j&rsquo;ai vu tr\u00e8s peu jusqu&rsquo;\u00e0 environ 3 ans et, [&hellip;]<\/p>\n","protected":false},"author":1,"featured_media":0,"comment_status":"open","ping_status":"open","sticky":false,"template":"","format":"standard","meta":{"footnotes":""},"categories":[6,18],"tags":[],"class_list":["post-19","post","type-post","status-publish","format-standard","hentry","category-cecite-et-malvoyance","category-ma-vie"],"_links":{"self":[{"href":"https:\/\/www.cfardel.net\/blog\/wp-json\/wp\/v2\/posts\/19","targetHints":{"allow":["GET"]}}],"collection":[{"href":"https:\/\/www.cfardel.net\/blog\/wp-json\/wp\/v2\/posts"}],"about":[{"href":"https:\/\/www.cfardel.net\/blog\/wp-json\/wp\/v2\/types\/post"}],"author":[{"embeddable":true,"href":"https:\/\/www.cfardel.net\/blog\/wp-json\/wp\/v2\/users\/1"}],"replies":[{"embeddable":true,"href":"https:\/\/www.cfardel.net\/blog\/wp-json\/wp\/v2\/comments?post=19"}],"version-history":[{"count":2,"href":"https:\/\/www.cfardel.net\/blog\/wp-json\/wp\/v2\/posts\/19\/revisions"}],"predecessor-version":[{"id":103,"href":"https:\/\/www.cfardel.net\/blog\/wp-json\/wp\/v2\/posts\/19\/revisions\/103"}],"wp:attachment":[{"href":"https:\/\/www.cfardel.net\/blog\/wp-json\/wp\/v2\/media?parent=19"}],"wp:term":[{"taxonomy":"category","embeddable":true,"href":"https:\/\/www.cfardel.net\/blog\/wp-json\/wp\/v2\/categories?post=19"},{"taxonomy":"post_tag","embeddable":true,"href":"https:\/\/www.cfardel.net\/blog\/wp-json\/wp\/v2\/tags?post=19"}],"curies":[{"name":"wp","href":"https:\/\/api.w.org\/{rel}","templated":true}]}}