{"id":20,"date":"2008-07-16T15:38:28","date_gmt":"2007-06-10T12:31:55","guid":{"rendered":""},"modified":"2009-01-19T12:07:39","modified_gmt":"2009-01-19T11:07:39","slug":"moyens_auxiliaires_pour_aveugle","status":"publish","type":"post","link":"https:\/\/www.cfardel.net\/blog\/moyens_auxiliaires_pour_aveugle","title":{"rendered":"Moyens auxiliaires pour aveugle"},"content":{"rendered":"<p>Vous allez trouver quelques photos qui expliquent comment les non-voyants et les mal-voyants travailles \u00e0 l&rsquo;\u00e9cole, ou dans la vie de tout les jours. et quels accessoires ils ont besoin. Bonne d\u00e9couverte!<br \/>\n<img decoding=\"async\" title=\"Photo d'une ligne braille\" src=\"http:\/\/cedricfardel.ch\/blog\/photos\/alva_satellite544.jpg\" alt=\"Photo d'une ligne braille\" \/><br \/>\nC&rsquo;est ici la ligne braille dont je me sers pour travailler sur mon ordinateur<br \/>\n<img decoding=\"async\" title=\"Photo d'une page en braille\" src=\"http:\/\/cedricfardel.ch\/blog\/photos\/braille.jpg\" alt=\"Photo d'une page en braille\" \/><br \/>\nVoici comment on \u00e9crit en braille<br \/>\n<img decoding=\"async\" title=\"Photo d'un livre en braille\" src=\"http:\/\/cedricfardel.ch\/blog\/photos\/livre.jpg\" alt=\"Photo d'un livre en braille\" \/><br \/>\nVoil\u00e0 \u00e0 quoi ressemble un livre \u00e9crit en braille<br \/>\n<img decoding=\"async\" title=\"Photo d'un macro lecteur\" src=\"http:\/\/cedricfardel.ch\/blog\/photos\/mlecteur.jpg\" alt=\"Photo d'un macro lecteur\" \/><br \/>\nCe macro lecteur sert aux mal-voyants qui n&rsquo;arrivent pas \u00e0 lire un petit texte<br \/>\n<img decoding=\"async\" title=\"Photo d'une machine Perkins\" src=\"http:\/\/cedricfardel.ch\/blog\/photos\/Perkins.gif\" alt=\"Photo d'une machine Perkins\" \/>Cette machine Perkins, qui sert \u00e0 \u00e9crire en braille, remplace efficacement votre stylo<br \/>\nN&rsquo;h\u00e9sitez pas \u00e0 d\u00e9poser des commentaires.<\/p>\n","protected":false},"excerpt":{"rendered":"<p>Vous allez trouver quelques photos qui expliquent comment les non-voyants et les mal-voyants travailles \u00e0 l&rsquo;\u00e9cole, ou dans la vie de tout les jours. et quels accessoires ils ont besoin. Bonne d\u00e9couverte! C&rsquo;est ici la ligne braille dont je me sers pour travailler sur mon ordinateur Voici comment on \u00e9crit en braille Voil\u00e0 \u00e0 quoi [&hellip;]<\/p>\n","protected":false},"author":1,"featured_media":0,"comment_status":"open","ping_status":"open","sticky":false,"template":"","format":"standard","meta":{"footnotes":""},"categories":[6,8],"tags":[],"class_list":["post-20","post","type-post","status-publish","format-standard","hentry","category-cecite-et-malvoyance","category-moyens-auxiliaires"],"_links":{"self":[{"href":"https:\/\/www.cfardel.net\/blog\/wp-json\/wp\/v2\/posts\/20","targetHints":{"allow":["GET"]}}],"collection":[{"href":"https:\/\/www.cfardel.net\/blog\/wp-json\/wp\/v2\/posts"}],"about":[{"href":"https:\/\/www.cfardel.net\/blog\/wp-json\/wp\/v2\/types\/post"}],"author":[{"embeddable":true,"href":"https:\/\/www.cfardel.net\/blog\/wp-json\/wp\/v2\/users\/1"}],"replies":[{"embeddable":true,"href":"https:\/\/www.cfardel.net\/blog\/wp-json\/wp\/v2\/comments?post=20"}],"version-history":[{"count":1,"href":"https:\/\/www.cfardel.net\/blog\/wp-json\/wp\/v2\/posts\/20\/revisions"}],"predecessor-version":[{"id":86,"href":"https:\/\/www.cfardel.net\/blog\/wp-json\/wp\/v2\/posts\/20\/revisions\/86"}],"wp:attachment":[{"href":"https:\/\/www.cfardel.net\/blog\/wp-json\/wp\/v2\/media?parent=20"}],"wp:term":[{"taxonomy":"category","embeddable":true,"href":"https:\/\/www.cfardel.net\/blog\/wp-json\/wp\/v2\/categories?post=20"},{"taxonomy":"post_tag","embeddable":true,"href":"https:\/\/www.cfardel.net\/blog\/wp-json\/wp\/v2\/tags?post=20"}],"curies":[{"name":"wp","href":"https:\/\/api.w.org\/{rel}","templated":true}]}}