{"id":21,"date":"2007-06-10T13:34:58","date_gmt":"2007-06-10T12:34:58","guid":{"rendered":""},"modified":"2009-01-19T22:49:17","modified_gmt":"2009-01-19T21:49:17","slug":"comment_je_peux_utiliser_un_ordinateur_e","status":"publish","type":"post","link":"https:\/\/www.cfardel.net\/blog\/comment_je_peux_utiliser_un_ordinateur_e","title":{"rendered":"comment je peux utiliser un ordinateur en \u00e9tant aveugle?"},"content":{"rendered":"<p>D&rsquo;abord, mon ordinateur est tout \u00e0 fait ordinaire, le m\u00eame que<br \/>\nle v\u00f4tre ! Mais nous y avons install\u00e9 un driver qui permet de<br \/>\nfaire fonctionner un <a href=\"http:\/\/www.cedricfardel.ch\/blog\/photos\/alva_satellite544.jpg\">afficheur_braille<\/a>. Ainsi, le texte qui appara\u00eet \u00e0 l&rsquo;\u00e9cran, je peux moi l&rsquo;avoir sous les doigts et le lire tout simplement.<br \/>\nEt, voyez-vous, j&rsquo;ai sur vous un petit avantage : c&rsquo;est par l&rsquo;\u00e9cran<br \/>\nque vous, voyants, vous prenez connaissance des informations, le<br \/>\nseul moyen \u00e0 votre disposition. Moi, j&rsquo;en ai deux ! Le Braille,<br \/>\non vient de le voir, mais \u00e9galement un programme comprenant une revue d&rsquo;\u00e9cran qui int\u00e8gre une synth\u00e8se vocal qui rend l&rsquo;ordinateur parlant (ce logiciel<br \/>\ns&rsquo;appelle Jaws et pilote aussi bien le vocal que le Braille).<br \/>\nBien s\u00fbr je ne peux pas utiliser la souris, j&rsquo;utilise le clavier<br \/>\nordinaire et je connais un grand nombre de raccourcis qui m&rsquo;offrent beaucoup de possibilit\u00e9s.<\/p>\n<p>A partir de cet \u00e9quipement, je peux surfer sur Internet,<br \/>\nutiliser les messageries, exploiter un traitement de texte,<br \/>\ngraver, imprimer, programmer, etc&#8230;<\/p>\n<p>Pour toute remarque, laissez un commentaire.<\/p>\n","protected":false},"excerpt":{"rendered":"<p>D&rsquo;abord, mon ordinateur est tout \u00e0 fait ordinaire, le m\u00eame que le v\u00f4tre ! Mais nous y avons install\u00e9 un driver qui permet de faire fonctionner un afficheur_braille. Ainsi, le texte qui appara\u00eet \u00e0 l&rsquo;\u00e9cran, je peux moi l&rsquo;avoir sous les doigts et le lire tout simplement. Et, voyez-vous, j&rsquo;ai sur vous un petit avantage [&hellip;]<\/p>\n","protected":false},"author":1,"featured_media":0,"comment_status":"open","ping_status":"open","sticky":false,"template":"","format":"standard","meta":{"footnotes":""},"categories":[3,8],"tags":[],"class_list":["post-21","post","type-post","status-publish","format-standard","hentry","category-accessibilite","category-moyens-auxiliaires"],"_links":{"self":[{"href":"https:\/\/www.cfardel.net\/blog\/wp-json\/wp\/v2\/posts\/21","targetHints":{"allow":["GET"]}}],"collection":[{"href":"https:\/\/www.cfardel.net\/blog\/wp-json\/wp\/v2\/posts"}],"about":[{"href":"https:\/\/www.cfardel.net\/blog\/wp-json\/wp\/v2\/types\/post"}],"author":[{"embeddable":true,"href":"https:\/\/www.cfardel.net\/blog\/wp-json\/wp\/v2\/users\/1"}],"replies":[{"embeddable":true,"href":"https:\/\/www.cfardel.net\/blog\/wp-json\/wp\/v2\/comments?post=21"}],"version-history":[{"count":1,"href":"https:\/\/www.cfardel.net\/blog\/wp-json\/wp\/v2\/posts\/21\/revisions"}],"predecessor-version":[{"id":120,"href":"https:\/\/www.cfardel.net\/blog\/wp-json\/wp\/v2\/posts\/21\/revisions\/120"}],"wp:attachment":[{"href":"https:\/\/www.cfardel.net\/blog\/wp-json\/wp\/v2\/media?parent=21"}],"wp:term":[{"taxonomy":"category","embeddable":true,"href":"https:\/\/www.cfardel.net\/blog\/wp-json\/wp\/v2\/categories?post=21"},{"taxonomy":"post_tag","embeddable":true,"href":"https:\/\/www.cfardel.net\/blog\/wp-json\/wp\/v2\/tags?post=21"}],"curies":[{"name":"wp","href":"https:\/\/api.w.org\/{rel}","templated":true}]}}