{"id":44,"date":"2008-01-12T18:17:43","date_gmt":"2008-01-12T17:17:43","guid":{"rendered":""},"modified":"2018-06-04T10:18:04","modified_gmt":"2018-06-04T08:18:04","slug":"lepari","status":"publish","type":"post","link":"https:\/\/www.cfardel.net\/blog\/lepari","title":{"rendered":"LE PARI"},"content":{"rendered":"<p>Un article me concernant dans le matin bleu, un ancien journal quotidien gratuit qui n&rsquo;existe plus.<\/p>\n<p>AVEUGLE. C\u00e9dric Fardel, 19 ans, travaille au service informatique de l&rsquo;Etat de Vaud, dans le cadre du projet \u00abAccessibilit\u00e9\u00bb. Son r\u00f4le? S&rsquo;assurer que le site www.vd.ch soit accessible aux personnes handicap\u00e9es: non-voyants, handicap\u00e9s moteur, etc. \u00abJe suis passionn\u00e9 d&rsquo;informatique depuis mes 13 ans, j&rsquo;ai d\u00e9couvert cela lorsque l&rsquo;\u00e9cole a install\u00e9 des ordinateurs.\u00bb<\/p>\n<p>Actuellement en stage de trois mois \u00e0 Lausanne, l&rsquo;Yverdonnois suit les cours de l&rsquo;Organisation romande pour l&rsquo;int\u00e9gration professionnelle des personnes handicap\u00e9es (ORIPH).<br \/>\nSon ordinateur ressemble \u00e0 n&rsquo;importe quel autre, avec un \u00e9cran et un clavier normal. Un deuxi\u00e8me clavier traduit les textes informatiques en braille, ligne par ligne, 40 caract\u00e8res au maximum par ligne. Une commande vocale explique le menu et les actions en cours.<\/p>\n<p>C\u00e9dric Fardel a ainsi ouvert un blog dans lequel il raconte son quotidien, sa c\u00e9cit\u00e9, son chien&#8230; \u00abL&rsquo;informatique, c&rsquo;est ma passion et j&rsquo;aimerais en faire mon m\u00e9tier, dans le support helpdesk.\u00bb<br \/>\nSuite \u00e0 une maladie d&rsquo;enfance, il est devenu aveugle \u00e0 3 ans. \u00abJ&rsquo;ai quelques volumes, ce qui est un avantage par rapport \u00e0 un aveugle de naissance. Je me consid\u00e8re comme normal, j&rsquo;ai des amis, je sors, je vais au cin\u00e9ma&#8230;\u00bb Et il s&rsquo;impatiente aussi lorsque son ordinateur est trop lent.<br \/>\nSon chien, \u00abNeptune\u00bb, un labrador, l&rsquo;accompagne partout. \u00abIl m&rsquo;aide beaucoup, mais je dois lui donner les ordres en italien pour qu&rsquo;il comprenne.\u00bb .M. H<\/p>\n","protected":false},"excerpt":{"rendered":"<p>Un article me concernant dans le matin bleu, un ancien journal quotidien gratuit qui n&rsquo;existe plus. AVEUGLE. C\u00e9dric Fardel, 19 ans, travaille au service informatique de l&rsquo;Etat de Vaud, dans le cadre du projet \u00abAccessibilit\u00e9\u00bb. Son r\u00f4le? S&rsquo;assurer que le site www.vd.ch soit accessible aux personnes handicap\u00e9es: non-voyants, handicap\u00e9s moteur, etc. \u00abJe suis passionn\u00e9 d&rsquo;informatique [&hellip;]<\/p>\n","protected":false},"author":1,"featured_media":0,"comment_status":"open","ping_status":"open","sticky":false,"template":"","format":"standard","meta":{"footnotes":""},"categories":[18],"tags":[],"class_list":["post-44","post","type-post","status-publish","format-standard","hentry","category-ma-vie"],"_links":{"self":[{"href":"https:\/\/www.cfardel.net\/blog\/wp-json\/wp\/v2\/posts\/44","targetHints":{"allow":["GET"]}}],"collection":[{"href":"https:\/\/www.cfardel.net\/blog\/wp-json\/wp\/v2\/posts"}],"about":[{"href":"https:\/\/www.cfardel.net\/blog\/wp-json\/wp\/v2\/types\/post"}],"author":[{"embeddable":true,"href":"https:\/\/www.cfardel.net\/blog\/wp-json\/wp\/v2\/users\/1"}],"replies":[{"embeddable":true,"href":"https:\/\/www.cfardel.net\/blog\/wp-json\/wp\/v2\/comments?post=44"}],"version-history":[{"count":7,"href":"https:\/\/www.cfardel.net\/blog\/wp-json\/wp\/v2\/posts\/44\/revisions"}],"predecessor-version":[{"id":1310,"href":"https:\/\/www.cfardel.net\/blog\/wp-json\/wp\/v2\/posts\/44\/revisions\/1310"}],"wp:attachment":[{"href":"https:\/\/www.cfardel.net\/blog\/wp-json\/wp\/v2\/media?parent=44"}],"wp:term":[{"taxonomy":"category","embeddable":true,"href":"https:\/\/www.cfardel.net\/blog\/wp-json\/wp\/v2\/categories?post=44"},{"taxonomy":"post_tag","embeddable":true,"href":"https:\/\/www.cfardel.net\/blog\/wp-json\/wp\/v2\/tags?post=44"}],"curies":[{"name":"wp","href":"https:\/\/api.w.org\/{rel}","templated":true}]}}