{"id":52,"date":"2008-07-17T12:20:43","date_gmt":"2008-07-16T14:54:20","guid":{"rendered":""},"modified":"2009-01-19T12:04:39","modified_gmt":"2009-01-19T11:04:39","slug":"quelques-photos-1","status":"publish","type":"post","link":"https:\/\/www.cfardel.net\/blog\/quelques-photos-1","title":{"rendered":"Quelques photos"},"content":{"rendered":"<p>Voici quelques photos de Neptune et moi.<br \/>\n<img decoding=\"async\" title=\"Photo de C\u00e9dric dans une salle de conf\u00e9rence assit derri\u00e8re une table devant son ordinateur. Neptune est sur un podium derri\u00e8re, et il le regarde. \" src=\"http:\/\/cedricfardel.ch\/blog\/photos\/cedric_neptune_forum_handicap.jpg\" alt=\"Photo de C\u00e9dric dans une salle de conf\u00e9rence assit derri\u00e8re une table devant son ordinateur. Neptune est sur un podium derri\u00e8re, et il le regarde. \" \/><img decoding=\"async\" title=\"Photo de C\u00e9dric et Neptune conduisant les coll\u00e8gues du groupe accessibilit\u00e9  au centre Oriph de Pomy\" src=\"http:\/\/cedricfardel.ch\/blog\/photos\/oriph_groupe_accessibilite_1.jpg\" alt=\"Photo de C\u00e9dric et Neptune conduisant les coll\u00e8gues du groupe accessibilit\u00e9  au centre Oriph de Pomy\" \/><img decoding=\"async\" title=\"2\u00e8me Photo de C\u00e9dric et Neptune conduisant les coll\u00e8gues du groupe accessibilit\u00e9  au centre Oriph de Pomy\" src=\"http:\/\/cedricfardel.ch\/blog\/photos\/oriph_groupe_accessibilite_2.jpg\" alt=\"2\u00e8me Photo de C\u00e9dric et Neptune conduisant les coll\u00e8gues du groupe accessibilit\u00e9  au centre Oriph de Pomy\" \/><br \/>\n<img decoding=\"async\" title=\"Photo de Neptune  couch\u00e9 avec une balle de tennis dans la gueule\" src=\"http:\/\/cedricfardel.ch\/blog\/photos\/n3.jpg\" alt=\"Photo de Neptune  couch\u00e9 avec une balle de tennis dans la gueule\" \/><br \/>\n<img decoding=\"async\" title=\"Photo de Neptune au harnais. Il guide son ma\u00eetre.\" src=\"http:\/\/cedricfardel.ch\/blog\/photos\/n4.jpg\" alt=\"Photo de Neptune au harnais. Il guide son ma\u00eetre.\" \/><br \/>\nC\u00e9dric<\/p>\n","protected":false},"excerpt":{"rendered":"<p>Voici quelques photos de Neptune et moi. C\u00e9dric<\/p>\n","protected":false},"author":1,"featured_media":0,"comment_status":"open","ping_status":"open","sticky":false,"template":"","format":"standard","meta":{"footnotes":""},"categories":[7],"tags":[],"class_list":["post-52","post","type-post","status-publish","format-standard","hentry","category-photos"],"_links":{"self":[{"href":"https:\/\/www.cfardel.net\/blog\/wp-json\/wp\/v2\/posts\/52","targetHints":{"allow":["GET"]}}],"collection":[{"href":"https:\/\/www.cfardel.net\/blog\/wp-json\/wp\/v2\/posts"}],"about":[{"href":"https:\/\/www.cfardel.net\/blog\/wp-json\/wp\/v2\/types\/post"}],"author":[{"embeddable":true,"href":"https:\/\/www.cfardel.net\/blog\/wp-json\/wp\/v2\/users\/1"}],"replies":[{"embeddable":true,"href":"https:\/\/www.cfardel.net\/blog\/wp-json\/wp\/v2\/comments?post=52"}],"version-history":[{"count":1,"href":"https:\/\/www.cfardel.net\/blog\/wp-json\/wp\/v2\/posts\/52\/revisions"}],"predecessor-version":[{"id":83,"href":"https:\/\/www.cfardel.net\/blog\/wp-json\/wp\/v2\/posts\/52\/revisions\/83"}],"wp:attachment":[{"href":"https:\/\/www.cfardel.net\/blog\/wp-json\/wp\/v2\/media?parent=52"}],"wp:term":[{"taxonomy":"category","embeddable":true,"href":"https:\/\/www.cfardel.net\/blog\/wp-json\/wp\/v2\/categories?post=52"},{"taxonomy":"post_tag","embeddable":true,"href":"https:\/\/www.cfardel.net\/blog\/wp-json\/wp\/v2\/tags?post=52"}],"curies":[{"name":"wp","href":"https:\/\/api.w.org\/{rel}","templated":true}]}}