{"id":728,"date":"2012-11-12T11:29:26","date_gmt":"2012-11-12T10:29:26","guid":{"rendered":"http:\/\/www.cfardel.net\/blog\/?p=728"},"modified":"2012-11-12T11:29:26","modified_gmt":"2012-11-12T10:29:26","slug":"les-aveugles-face-au-numerique","status":"publish","type":"post","link":"https:\/\/www.cfardel.net\/blog\/les-aveugles-face-au-numerique","title":{"rendered":"Les aveugles face au num\u00e9rique"},"content":{"rendered":"<p>Ne pas voir son \u00e9cran, mais l\u2019entendre ou le toucher. Ne pas lire ou regarder Internet mais se le faire d\u00e9crire par une voix synth\u00e9tique. Telle est la condition de base des aveugles face au num\u00e9rique. Avec toutes les questions que cela pose. A la fois en termes de possibilit\u00e9 : ouverture directe \u00e0 un monde de l\u2019information, autonomie accrue etc. L&rsquo;\u00e9mission \u00ab\u00a0Place de la Toile\u00a0\u00bb (magazine des cultures num\u00e9riques) sur France Culture le 10 novembre, \u00e9tait consacr\u00e9e aux aveugles.<br \/>\n Un bon moyen pour faire comprendre  aux gens qui ne connaissent pas la questions quelles sont les possibilit\u00e9s pour un  aveugle de comment utiliser un ordinateur et les probl\u00e8mes rencontr\u00e9s.<br \/>\n<a href=\"http:\/\/www.franceculture.fr\/emission-place-de-la-toile-les-aveugles-face-au-numerique-2012-11-10\" title=\"Page de l'\u00e9mission Les aveugles face au num\u00e9rique\">Page de l&rsquo;\u00e9mission Les aveugles face au num\u00e9rique<\/a><\/p>\n","protected":false},"excerpt":{"rendered":"<p>Ne pas voir son \u00e9cran, mais l\u2019entendre ou le toucher. Ne pas lire ou regarder Internet mais se le faire d\u00e9crire par une voix synth\u00e9tique. Telle est la condition de base des aveugles face au num\u00e9rique. Avec toutes les questions que cela pose. A la fois en termes de possibilit\u00e9 : ouverture directe \u00e0 un [&hellip;]<\/p>\n","protected":false},"author":1,"featured_media":0,"comment_status":"open","ping_status":"open","sticky":false,"template":"","format":"standard","meta":{"footnotes":""},"categories":[3,6,28],"tags":[],"class_list":["post-728","post","type-post","status-publish","format-standard","hentry","category-accessibilite","category-cecite-et-malvoyance","category-informatique"],"_links":{"self":[{"href":"https:\/\/www.cfardel.net\/blog\/wp-json\/wp\/v2\/posts\/728","targetHints":{"allow":["GET"]}}],"collection":[{"href":"https:\/\/www.cfardel.net\/blog\/wp-json\/wp\/v2\/posts"}],"about":[{"href":"https:\/\/www.cfardel.net\/blog\/wp-json\/wp\/v2\/types\/post"}],"author":[{"embeddable":true,"href":"https:\/\/www.cfardel.net\/blog\/wp-json\/wp\/v2\/users\/1"}],"replies":[{"embeddable":true,"href":"https:\/\/www.cfardel.net\/blog\/wp-json\/wp\/v2\/comments?post=728"}],"version-history":[{"count":1,"href":"https:\/\/www.cfardel.net\/blog\/wp-json\/wp\/v2\/posts\/728\/revisions"}],"predecessor-version":[{"id":729,"href":"https:\/\/www.cfardel.net\/blog\/wp-json\/wp\/v2\/posts\/728\/revisions\/729"}],"wp:attachment":[{"href":"https:\/\/www.cfardel.net\/blog\/wp-json\/wp\/v2\/media?parent=728"}],"wp:term":[{"taxonomy":"category","embeddable":true,"href":"https:\/\/www.cfardel.net\/blog\/wp-json\/wp\/v2\/categories?post=728"},{"taxonomy":"post_tag","embeddable":true,"href":"https:\/\/www.cfardel.net\/blog\/wp-json\/wp\/v2\/tags?post=728"}],"curies":[{"name":"wp","href":"https:\/\/api.w.org\/{rel}","templated":true}]}}