{"id":944,"date":"2014-08-03T19:40:33","date_gmt":"2014-08-03T17:40:33","guid":{"rendered":"http:\/\/www.cfardel.net\/blog\/?p=944"},"modified":"2014-08-03T19:42:05","modified_gmt":"2014-08-03T17:42:05","slug":"le-braille-un-systeme-de-lecture-tout-en-sensibilite","status":"publish","type":"post","link":"https:\/\/www.cfardel.net\/blog\/le-braille-un-systeme-de-lecture-tout-en-sensibilite","title":{"rendered":"Le braille, un syst\u00e8me de lecture tout en sensibilit\u00e9"},"content":{"rendered":"<p>La chaine de t\u00e9l\u00e9vision <a href=\"http:\/\/www.canalalpha.ch\/actu\/le-braille-un-systeme-de-lecture-tout-en-sensibilite\/\" title=\"Canal Alpha\">Canal Alpha<\/a> r\u00e9alise durant l&rsquo;\u00e9t\u00e9 une s\u00e9rie  sur les diff\u00e9rents sens. Pour le toucher, j&rsquo;ai \u00e9t\u00e9 choisi. Je vous propose de d\u00e9couvrir cette s\u00e9quence.<br \/>\n<div style=\"width: 1280px;\" class=\"wp-video\"><video class=\"wp-video-shortcode\" id=\"video-944-1\" width=\"1280\" height=\"720\" preload=\"metadata\" controls=\"controls\"><source type=\"video\/mp4\" src=\"http:\/\/www.cfardel.net\/blog\/wp-content\/uploads\/2014\/08\/Reportage-Canal-alpha-C\u00e9dric-Fardel.mp4?_=1\" \/><a href=\"http:\/\/www.cfardel.net\/blog\/wp-content\/uploads\/2014\/08\/Reportage-Canal-alpha-C\u00e9dric-Fardel.mp4\">http:\/\/www.cfardel.net\/blog\/wp-content\/uploads\/2014\/08\/Reportage-Canal-alpha-C\u00e9dric-Fardel.mp4<\/a><\/video><\/div><\/p>\n","protected":false},"excerpt":{"rendered":"<p>La chaine de t\u00e9l\u00e9vision Canal Alpha r\u00e9alise durant l&rsquo;\u00e9t\u00e9 une s\u00e9rie sur les diff\u00e9rents sens. Pour le toucher, j&rsquo;ai \u00e9t\u00e9 choisi. Je vous propose de d\u00e9couvrir cette s\u00e9quence.<\/p>\n","protected":false},"author":1,"featured_media":0,"comment_status":"open","ping_status":"open","sticky":false,"template":"","format":"standard","meta":{"footnotes":""},"categories":[3,12,6,5],"tags":[],"class_list":["post-944","post","type-post","status-publish","format-standard","hentry","category-accessibilite","category-braille","category-cecite-et-malvoyance","category-chien-guide"],"_links":{"self":[{"href":"https:\/\/www.cfardel.net\/blog\/wp-json\/wp\/v2\/posts\/944","targetHints":{"allow":["GET"]}}],"collection":[{"href":"https:\/\/www.cfardel.net\/blog\/wp-json\/wp\/v2\/posts"}],"about":[{"href":"https:\/\/www.cfardel.net\/blog\/wp-json\/wp\/v2\/types\/post"}],"author":[{"embeddable":true,"href":"https:\/\/www.cfardel.net\/blog\/wp-json\/wp\/v2\/users\/1"}],"replies":[{"embeddable":true,"href":"https:\/\/www.cfardel.net\/blog\/wp-json\/wp\/v2\/comments?post=944"}],"version-history":[{"count":1,"href":"https:\/\/www.cfardel.net\/blog\/wp-json\/wp\/v2\/posts\/944\/revisions"}],"predecessor-version":[{"id":946,"href":"https:\/\/www.cfardel.net\/blog\/wp-json\/wp\/v2\/posts\/944\/revisions\/946"}],"wp:attachment":[{"href":"https:\/\/www.cfardel.net\/blog\/wp-json\/wp\/v2\/media?parent=944"}],"wp:term":[{"taxonomy":"category","embeddable":true,"href":"https:\/\/www.cfardel.net\/blog\/wp-json\/wp\/v2\/categories?post=944"},{"taxonomy":"post_tag","embeddable":true,"href":"https:\/\/www.cfardel.net\/blog\/wp-json\/wp\/v2\/tags?post=944"}],"curies":[{"name":"wp","href":"https:\/\/api.w.org\/{rel}","templated":true}]}}