{"id":983,"date":"2015-01-15T22:04:37","date_gmt":"2015-01-15T21:04:37","guid":{"rendered":"http:\/\/www.cfardel.net\/blog\/?p=983"},"modified":"2015-01-18T21:29:42","modified_gmt":"2015-01-18T20:29:42","slug":"la-retraite-de-neptune-2","status":"publish","type":"post","link":"https:\/\/www.cfardel.net\/blog\/la-retraite-de-neptune-2","title":{"rendered":"La retraite de Neptune"},"content":{"rendered":"<p>Il est l&#8217;heure pour Neptune de prendre une retraite bien m\u00e9rit\u00e9e. Il aura 11 ans le 28 janvier. Je suis actif, et donc pour \u00e9viter que je me retrouve sans chien suite \u00e0 une maladie de vieillesse, ou la mort, avec la <a href=\"http:\/\/www.chienguide.ch\">Fondation \u00e9cole rommande pour chien-guide d&#8217;aveugle<\/a> nous avons d\u00e9cid\u00e9 de le mettre \u00e0 la retraite. . Malheureusement pour des raisons de place je ne peux pas le garder. Il sera accueilli dans une famille pour finir sa vie tranquillement apr\u00e8s son parcours de chien-guide qui \u00e9tait excellent. <\/p>\n<p>\u00e0 partir du 16 f\u00e9vrier je serai accompagn\u00e9 d&#8217;un nouveau chien. Pour \u00eatre plus pr\u00e9cis, il s&#8217;agit d&#8217;une femelle qui r\u00e9pond au nom de Zora. Je ne manquerai pas de vous montrer des photos.<\/p>\n","protected":false},"excerpt":{"rendered":"<p>Il est l&#8217;heure pour Neptune de prendre une retraite bien m\u00e9rit\u00e9e. Il aura 11 ans le 28 janvier. Je suis actif, et donc pour \u00e9viter que je me retrouve sans chien suite \u00e0 une maladie de vieillesse, ou la mort, avec la Fondation \u00e9cole rommande pour chien-guide d&#8217;aveugle nous avons d\u00e9cid\u00e9 de le mettre \u00e0 [&hellip;]<\/p>\n","protected":false},"author":1,"featured_media":0,"comment_status":"open","ping_status":"open","sticky":false,"template":"","format":"standard","meta":{"footnotes":""},"categories":[5,13],"tags":[],"class_list":["post-983","post","type-post","status-publish","format-standard","hentry","category-chien-guide","category-neptune"],"_links":{"self":[{"href":"https:\/\/www.cfardel.net\/blog\/wp-json\/wp\/v2\/posts\/983","targetHints":{"allow":["GET"]}}],"collection":[{"href":"https:\/\/www.cfardel.net\/blog\/wp-json\/wp\/v2\/posts"}],"about":[{"href":"https:\/\/www.cfardel.net\/blog\/wp-json\/wp\/v2\/types\/post"}],"author":[{"embeddable":true,"href":"https:\/\/www.cfardel.net\/blog\/wp-json\/wp\/v2\/users\/1"}],"replies":[{"embeddable":true,"href":"https:\/\/www.cfardel.net\/blog\/wp-json\/wp\/v2\/comments?post=983"}],"version-history":[{"count":2,"href":"https:\/\/www.cfardel.net\/blog\/wp-json\/wp\/v2\/posts\/983\/revisions"}],"predecessor-version":[{"id":985,"href":"https:\/\/www.cfardel.net\/blog\/wp-json\/wp\/v2\/posts\/983\/revisions\/985"}],"wp:attachment":[{"href":"https:\/\/www.cfardel.net\/blog\/wp-json\/wp\/v2\/media?parent=983"}],"wp:term":[{"taxonomy":"category","embeddable":true,"href":"https:\/\/www.cfardel.net\/blog\/wp-json\/wp\/v2\/categories?post=983"},{"taxonomy":"post_tag","embeddable":true,"href":"https:\/\/www.cfardel.net\/blog\/wp-json\/wp\/v2\/tags?post=983"}],"curies":[{"name":"wp","href":"https:\/\/api.w.org\/{rel}","templated":true}]}}